{"id":99314,"date":"2019-06-10T20:27:03","date_gmt":"2019-06-10T23:27:03","guid":{"rendered":"http:\/\/www.caririemacao.com\/1\/?p=99314"},"modified":"2019-06-10T20:27:03","modified_gmt":"2019-06-10T23:27:03","slug":"bolsonaro-diz-que-no-passado-apenas-militares-foram-sacrificados-na-previdencia","status":"publish","type":"post","link":"https:\/\/www.caririemacao.com\/1\/2019\/06\/10\/bolsonaro-diz-que-no-passado-apenas-militares-foram-sacrificados-na-previdencia\/","title":{"rendered":"Bolsonaro diz que, no passado, &#8216;apenas militares&#8217; foram sacrificados na Previd\u00eancia"},"content":{"rendered":"\n<p>Em evento de comemora\u00e7\u00e3o aos 20 anos do Minist\u00e9rio da Defesa, o presidente Jair Bolsonaro (PSL) disse nesta segunda-feira (10) que os militares foram &#8220;os \u00fanicos sacrificados&#8221; na primeira grande reforma da Previd\u00eancia, durante o governo do ex-presidente Fernando Henrique Cardoso.&nbsp;<\/p>\n\n\n\n<p>&#8220;A primeira grande reforma da Previd\u00eancia onde apenas os militares foram sacrificados&#8221;, disse.<\/p>\n\n\n\n<p>A declara\u00e7\u00e3o foi feita em discurso em Bras\u00edlia, quando o presidente lembrou ter sido ele um dos tr\u00eas deputados que votaram contra a cria\u00e7\u00e3o do Minist\u00e9rio da Defesa, h\u00e1 20 anos.<\/p>\n\n\n\n<p>Ele disse ter resistido \u00e0 ideia da pasta por ver no gesto uma tentativa de excluir os militares da tomada de decis\u00e3o.<\/p>\n\n\n\n<p>Segundo Bolsonaro, uma das consequ\u00eancias foram duas medidas provis\u00f3rias que modificaram o sistema de aposentadoria da categoria.<\/p>\n\n\n\n<p>Capit\u00e3o reformado do Ex\u00e9rcito, o presidente disse que os integrantes das For\u00e7as Armadas seguiram prestando seus trabalhos, mas que algo &#8220;estava na nossa garganta&#8221;.<br>A reforma da Previd\u00eancia, considerada prioridade para recupera\u00e7\u00e3o econ\u00f4mica do pa\u00eds pelo governo, n\u00e3o incluiu os militares no texto encaminhado ao Congresso em fevereiro.<\/p>\n\n\n\n<p>As modifica\u00e7\u00f5es das regras de aposentadoria para integrantes das For\u00e7as Armadas foram inclu\u00eddas em um projeto de lei simples apresentado um m\u00eas depois.<br>O texto foi alvo de cr\u00edticas da classe pol\u00edtica por ver na proposta uma tentativa de incluir melhorias no plano de carreira de militares.<\/p>\n","protected":false},"excerpt":{"rendered":"<p>Em evento de comemora\u00e7\u00e3o aos 20 anos do Minist\u00e9rio da Defesa, o presidente Jair Bolsonaro (PSL) disse nesta segunda-feira (10) que os militares foram &#8220;os&hellip; <\/p>\n","protected":false},"author":1,"featured_media":99315,"comment_status":"closed","ping_status":"closed","sticky":false,"template":"","format":"standard","meta":{"sfsi_plus_gutenberg_text_before_share":"","sfsi_plus_gutenberg_show_text_before_share":"","sfsi_plus_gutenberg_icon_type":"","sfsi_plus_gutenberg_icon_alignemt":"","sfsi_plus_gutenburg_max_per_row":"","footnotes":""},"categories":[11],"tags":[],"class_list":["post-99314","post","type-post","status-publish","format-standard","has-post-thumbnail","hentry","category-politica"],"_links":{"self":[{"href":"https:\/\/www.caririemacao.com\/1\/wp-json\/wp\/v2\/posts\/99314","targetHints":{"allow":["GET"]}}],"collection":[{"href":"https:\/\/www.caririemacao.com\/1\/wp-json\/wp\/v2\/posts"}],"about":[{"href":"https:\/\/www.caririemacao.com\/1\/wp-json\/wp\/v2\/types\/post"}],"author":[{"embeddable":true,"href":"https:\/\/www.caririemacao.com\/1\/wp-json\/wp\/v2\/users\/1"}],"replies":[{"embeddable":true,"href":"https:\/\/www.caririemacao.com\/1\/wp-json\/wp\/v2\/comments?post=99314"}],"version-history":[{"count":1,"href":"https:\/\/www.caririemacao.com\/1\/wp-json\/wp\/v2\/posts\/99314\/revisions"}],"predecessor-version":[{"id":99316,"href":"https:\/\/www.caririemacao.com\/1\/wp-json\/wp\/v2\/posts\/99314\/revisions\/99316"}],"wp:featuredmedia":[{"embeddable":true,"href":"https:\/\/www.caririemacao.com\/1\/wp-json\/wp\/v2\/media\/99315"}],"wp:attachment":[{"href":"https:\/\/www.caririemacao.com\/1\/wp-json\/wp\/v2\/media?parent=99314"}],"wp:term":[{"taxonomy":"category","embeddable":true,"href":"https:\/\/www.caririemacao.com\/1\/wp-json\/wp\/v2\/categories?post=99314"},{"taxonomy":"post_tag","embeddable":true,"href":"https:\/\/www.caririemacao.com\/1\/wp-json\/wp\/v2\/tags?post=99314"}],"curies":[{"name":"wp","href":"https:\/\/api.w.org\/{rel}","templated":true}]}}