{"id":99320,"date":"2019-06-10T20:28:56","date_gmt":"2019-06-10T23:28:56","guid":{"rendered":"http:\/\/www.caririemacao.com\/1\/?p=99320"},"modified":"2019-06-10T20:28:56","modified_gmt":"2019-06-10T23:28:56","slug":"demissao-de-moro-jamais-foi-discutida-diz-porta-voz-de-bolsonaro-apos-vazamentos","status":"publish","type":"post","link":"https:\/\/www.caririemacao.com\/1\/2019\/06\/10\/demissao-de-moro-jamais-foi-discutida-diz-porta-voz-de-bolsonaro-apos-vazamentos\/","title":{"rendered":"Demiss\u00e3o de Moro jamais foi discutida, diz porta-voz de Bolsonaro ap\u00f3s vazamentos"},"content":{"rendered":"\n<p>O porta-voz da Presid\u00eancia, general Ot\u00e1vio R\u00eago Barros, disse, nesta segunda-feira (10), que uma poss\u00edvel demiss\u00e3o de Sergio Moro do Minist\u00e9rio da Justi\u00e7a jamais foi discutida no governo.<\/p>\n\n\n\n<p>&#8220;Jamais foi tocado nesse assunto&#8221;, afirmou ao ser questionado sobre a possibilidade de Moro deixar o cargo.<\/p>\n\n\n\n<p>De acordo com o porta-voz, o ministro deve se reunir com o presidente Jair Bolsonaro (PSL) nesta ter\u00e7a (11), quando apresentar\u00e1 explica\u00e7\u00f5es sobre troca de mensagens com procurador Deltan Dallagnol, do Minist\u00e9rio P\u00fablico Federal (MPF).&nbsp;<\/p>\n\n\n\n<p>Conversas atribu\u00eddas a eles foram divulgadas neste domingo (9) pelo site Intercept Brasil. Na reportagem, Moro e o procurador trocam colabora\u00e7\u00f5es quando o ministro ainda atuava como juiz na Opera\u00e7\u00e3o Lava Jato.<\/p>\n\n\n\n<p>O porta-voz disse ainda que Bolsonaro n\u00e3o vai se pronunciar sobre o conte\u00fado das mensagens e que aguarda uma conversas pessoalmente com seu auxiliar.<\/p>\n\n\n\n<p>&#8220;O presidente n\u00e3o se pronunciar\u00e1 e aguardar\u00e1 o retorno do ministro Moro para conversa pessoalmente, provavelmente amanh\u00e3&#8221;, afirmou R\u00eago Barros.<\/p>\n\n\n\n<p>O porta-voz disse que Bolsonaro conversou por telefone com Moro, que est\u00e1 em viagem a trabalho em Manaus e o convidou para uma conversa nesta ter\u00e7a.&nbsp;<br>&#8220;Ele fez contato com ministro Sergio Moro e, a partir de amanh\u00e3, se colocar\u00e1 \u00e0 disposi\u00e7\u00e3o&#8221;, disse.<\/p>\n\n\n\n<p>R\u00eago Barros afirmou &#8220;desconhecer&#8221; se Bolsonaro leu as mat\u00e9rias que relatam as conversas entre Moro e Deltan.<\/p>\n\n\n\n<p>O porta-voz foi questionado ainda sobre se o governo tem alguma estrat\u00e9gia para evitar que o vazamento das mensagens impacte o calend\u00e1rio de vota\u00e7\u00f5es no Congresso.<\/p>\n\n\n\n<p>&#8220;O presidente n\u00e3o teve a oportunidade de compartilhar dos fatos com o ministro Sergio Moro, ent\u00e3o o governo n\u00e3o tem nenhum planejamento de momento sobre isso&#8221;, disse.<\/p>\n","protected":false},"excerpt":{"rendered":"<p>O porta-voz da Presid\u00eancia, general Ot\u00e1vio R\u00eago Barros, disse, nesta segunda-feira (10), que uma poss\u00edvel demiss\u00e3o de Sergio Moro do Minist\u00e9rio da Justi\u00e7a jamais foi&hellip; <\/p>\n","protected":false},"author":1,"featured_media":99321,"comment_status":"closed","ping_status":"closed","sticky":false,"template":"","format":"standard","meta":{"sfsi_plus_gutenberg_text_before_share":"","sfsi_plus_gutenberg_show_text_before_share":"","sfsi_plus_gutenberg_icon_type":"","sfsi_plus_gutenberg_icon_alignemt":"","sfsi_plus_gutenburg_max_per_row":"","footnotes":""},"categories":[11],"tags":[],"class_list":["post-99320","post","type-post","status-publish","format-standard","has-post-thumbnail","hentry","category-politica"],"_links":{"self":[{"href":"https:\/\/www.caririemacao.com\/1\/wp-json\/wp\/v2\/posts\/99320","targetHints":{"allow":["GET"]}}],"collection":[{"href":"https:\/\/www.caririemacao.com\/1\/wp-json\/wp\/v2\/posts"}],"about":[{"href":"https:\/\/www.caririemacao.com\/1\/wp-json\/wp\/v2\/types\/post"}],"author":[{"embeddable":true,"href":"https:\/\/www.caririemacao.com\/1\/wp-json\/wp\/v2\/users\/1"}],"replies":[{"embeddable":true,"href":"https:\/\/www.caririemacao.com\/1\/wp-json\/wp\/v2\/comments?post=99320"}],"version-history":[{"count":1,"href":"https:\/\/www.caririemacao.com\/1\/wp-json\/wp\/v2\/posts\/99320\/revisions"}],"predecessor-version":[{"id":99322,"href":"https:\/\/www.caririemacao.com\/1\/wp-json\/wp\/v2\/posts\/99320\/revisions\/99322"}],"wp:featuredmedia":[{"embeddable":true,"href":"https:\/\/www.caririemacao.com\/1\/wp-json\/wp\/v2\/media\/99321"}],"wp:attachment":[{"href":"https:\/\/www.caririemacao.com\/1\/wp-json\/wp\/v2\/media?parent=99320"}],"wp:term":[{"taxonomy":"category","embeddable":true,"href":"https:\/\/www.caririemacao.com\/1\/wp-json\/wp\/v2\/categories?post=99320"},{"taxonomy":"post_tag","embeddable":true,"href":"https:\/\/www.caririemacao.com\/1\/wp-json\/wp\/v2\/tags?post=99320"}],"curies":[{"name":"wp","href":"https:\/\/api.w.org\/{rel}","templated":true}]}}