{"id":99325,"date":"2019-06-10T20:31:50","date_gmt":"2019-06-10T23:31:50","guid":{"rendered":"http:\/\/www.caririemacao.com\/1\/?p=99325"},"modified":"2019-06-10T20:31:50","modified_gmt":"2019-06-10T23:31:50","slug":"resultado-do-sisu-esta-disponivel-confira","status":"publish","type":"post","link":"https:\/\/www.caririemacao.com\/1\/2019\/06\/10\/resultado-do-sisu-esta-disponivel-confira\/","title":{"rendered":"Resultado do Sisu est\u00e1 dispon\u00edvel; confira"},"content":{"rendered":"\n<p>Os estudantes que est\u00e3o concorrendo a vagas em institui\u00e7\u00f5es p\u00fablicas de ensino superior podem consultar o resultado do Sistema de Sele\u00e7\u00e3o Unificada (Sisu), na&nbsp;<a href=\"http:\/\/sisu.mec.gov.br\/inicial\">p\u00e1gina do programa<\/a>. A lista dos selecionados na chamada \u00fanica foi divulgada na tarde de hoje (10).<\/p>\n\n\n\n<p>As matr\u00edculas devem ser realizadas de 12 a 17 de junho. Ao todo, nesta edi\u00e7\u00e3o, s\u00e3o ofertadas 59.028 vagas em 76 institui\u00e7\u00f5es p\u00fablicas de ensino em todo o pa\u00eds.<\/p>\n\n\n\n<p>Aqueles que n\u00e3o foram selecionados poder\u00e3o participar da lista de espera de 11 a 17 de junho. A convoca\u00e7\u00e3o desses estudantes ocorrer\u00e1 ap\u00f3s o dia 19 deste m\u00eas.<\/p>\n\n\n\n<p>Para participar da lista de espera \u00e9 preciso acessar o site do Sisu e indicar para qual a op\u00e7\u00e3o de vaga escolhida na fase de inscri\u00e7\u00e3o se deseja pleitear uma vaga.<\/p>\n\n\n\n<p>Podem participar do Sisu os estudantes que fizeram prova do Exame Nacional do Ensino M\u00e9dio em 2018 e obtiveram nota na reda\u00e7\u00e3o acima de zero.<\/p>\n","protected":false},"excerpt":{"rendered":"<p>Os estudantes que est\u00e3o concorrendo a vagas em institui\u00e7\u00f5es p\u00fablicas de ensino superior podem consultar o resultado do Sistema de Sele\u00e7\u00e3o Unificada (Sisu), na&nbsp;p\u00e1gina do&hellip; <\/p>\n","protected":false},"author":1,"featured_media":12252,"comment_status":"closed","ping_status":"closed","sticky":false,"template":"","format":"standard","meta":{"sfsi_plus_gutenberg_text_before_share":"","sfsi_plus_gutenberg_show_text_before_share":"","sfsi_plus_gutenberg_icon_type":"","sfsi_plus_gutenberg_icon_alignemt":"","sfsi_plus_gutenburg_max_per_row":"","footnotes":""},"categories":[50,14],"tags":[],"class_list":["post-99325","post","type-post","status-publish","format-standard","has-post-thumbnail","hentry","category-destaque","category-educacao"],"_links":{"self":[{"href":"https:\/\/www.caririemacao.com\/1\/wp-json\/wp\/v2\/posts\/99325","targetHints":{"allow":["GET"]}}],"collection":[{"href":"https:\/\/www.caririemacao.com\/1\/wp-json\/wp\/v2\/posts"}],"about":[{"href":"https:\/\/www.caririemacao.com\/1\/wp-json\/wp\/v2\/types\/post"}],"author":[{"embeddable":true,"href":"https:\/\/www.caririemacao.com\/1\/wp-json\/wp\/v2\/users\/1"}],"replies":[{"embeddable":true,"href":"https:\/\/www.caririemacao.com\/1\/wp-json\/wp\/v2\/comments?post=99325"}],"version-history":[{"count":1,"href":"https:\/\/www.caririemacao.com\/1\/wp-json\/wp\/v2\/posts\/99325\/revisions"}],"predecessor-version":[{"id":99326,"href":"https:\/\/www.caririemacao.com\/1\/wp-json\/wp\/v2\/posts\/99325\/revisions\/99326"}],"wp:featuredmedia":[{"embeddable":true,"href":"https:\/\/www.caririemacao.com\/1\/wp-json\/wp\/v2\/media\/12252"}],"wp:attachment":[{"href":"https:\/\/www.caririemacao.com\/1\/wp-json\/wp\/v2\/media?parent=99325"}],"wp:term":[{"taxonomy":"category","embeddable":true,"href":"https:\/\/www.caririemacao.com\/1\/wp-json\/wp\/v2\/categories?post=99325"},{"taxonomy":"post_tag","embeddable":true,"href":"https:\/\/www.caririemacao.com\/1\/wp-json\/wp\/v2\/tags?post=99325"}],"curies":[{"name":"wp","href":"https:\/\/api.w.org\/{rel}","templated":true}]}}