{"id":99341,"date":"2019-06-11T06:26:25","date_gmt":"2019-06-11T09:26:25","guid":{"rendered":"http:\/\/www.caririemacao.com\/1\/?p=99341"},"modified":"2019-06-11T06:26:25","modified_gmt":"2019-06-11T09:26:25","slug":"petrobras-reduz-novamente-o-preco-da-gasolina","status":"publish","type":"post","link":"https:\/\/www.caririemacao.com\/1\/2019\/06\/11\/petrobras-reduz-novamente-o-preco-da-gasolina\/","title":{"rendered":"Petrobras reduz novamente o pre\u00e7o da gasolina"},"content":{"rendered":"\n<p>A Petrobras anunciou nesta segunda (10) redu\u00e7\u00e3o de 3% no pre\u00e7o da gasolina em suas refinarias. \u00c9 o terceiro corte desde o dia 24 de maio, acompanhando a redu\u00e7\u00e3o das cota\u00e7\u00f5es internacionais do combust\u00edvel.<\/p>\n\n\n\n<p>De acordo com a estatal, o litro da gasolina ser\u00e1 reduzido em R$ 0,0549 a partir desta ter\u00e7a (11). Assim, o pre\u00e7o m\u00e9dio praticado pelas refinarias da empresa cair\u00e1 de R$ 1,8144 para R$ 1,7595 por litro.<br>\u00c9 o menor valor desde o dia 12 de mar\u00e7o. Ap\u00f3s tr\u00eas cortes consecutivos, o pre\u00e7o da gasolina vendida pela Petrobras acumula queda de 14%.<\/p>\n\n\n\n<p>No dia 31 de maio, a estatal reduziu o pre\u00e7o da gasolina em 7,1%, fato que gerou comemora\u00e7\u00e3o do presidente Jair Bolsonaro no Twitter. Antes, no dia 24, a queda havia sido de 4,4%.<\/p>\n\n\n\n<p>O repasse \u00e0s bombas depende de pol\u00edticas comerciais de distribuidoras e postos de combust\u00edveis. A gasolina vendida pela Petrobras corresponde a 31% do pre\u00e7o final do produto.<\/p>\n\n\n\n<p>O ciclo de queda acompanha as varia\u00e7\u00f5es do mercado internacional de petr\u00f3leo. Desde a o fim de maio, quando o \u00faltimo corte foi anunciado, o pre\u00e7o da gasolina no Golfo do M\u00e9xico caiu 4,5%, de acordo com a ag\u00eancia americana de informa\u00e7\u00f5es em energia.<\/p>\n\n\n\n<p>A pol\u00edtica de pre\u00e7os dos combust\u00edveis da Petrobras considera as varia\u00e7\u00f5es das cota\u00e7\u00f5es internacionais e da taxa de c\u00e2mbio. Acrescenta ainda os custos para trazer os produtos ao mercado brasileiro.<\/p>\n\n\n\n<p>Para a gasolina, a pol\u00edtica estabelece prazos m\u00e1ximos de 15 dias para reajustes. No caso do diesel, os reajustes n\u00e3o podem ocorrer em prazos inferiores a 15 dias, medida adotada em meio a crescentes insatisfa\u00e7\u00f5es dos caminhoneiros.<\/p>\n\n\n\n<p>O \u00faltimo ajuste no pre\u00e7o do diesel foi anunciado tamb\u00e9m no dia 31 de maio, quando o valor praticado pelas refinarias da Petrobras foi reduzido em 6%.<\/p>\n\n\n\n<p>Desde mar\u00e7o, a Petrobras pratica prazos m\u00ednimos de 15 dias para reajustes no pre\u00e7o do diesel. J\u00e1 a pol\u00edtica de pre\u00e7os da gasolina prev\u00ea prazos m\u00e1ximos de 15 dias para altera\u00e7\u00f5es.<\/p>\n","protected":false},"excerpt":{"rendered":"<p>A Petrobras anunciou nesta segunda (10) redu\u00e7\u00e3o de 3% no pre\u00e7o da gasolina em suas refinarias. \u00c9 o terceiro corte desde o dia 24 de&hellip; <\/p>\n","protected":false},"author":1,"featured_media":32659,"comment_status":"closed","ping_status":"closed","sticky":false,"template":"","format":"standard","meta":{"sfsi_plus_gutenberg_text_before_share":"","sfsi_plus_gutenberg_show_text_before_share":"","sfsi_plus_gutenberg_icon_type":"","sfsi_plus_gutenberg_icon_alignemt":"","sfsi_plus_gutenburg_max_per_row":"","footnotes":""},"categories":[2],"tags":[],"class_list":["post-99341","post","type-post","status-publish","format-standard","has-post-thumbnail","hentry","category-geral"],"_links":{"self":[{"href":"https:\/\/www.caririemacao.com\/1\/wp-json\/wp\/v2\/posts\/99341","targetHints":{"allow":["GET"]}}],"collection":[{"href":"https:\/\/www.caririemacao.com\/1\/wp-json\/wp\/v2\/posts"}],"about":[{"href":"https:\/\/www.caririemacao.com\/1\/wp-json\/wp\/v2\/types\/post"}],"author":[{"embeddable":true,"href":"https:\/\/www.caririemacao.com\/1\/wp-json\/wp\/v2\/users\/1"}],"replies":[{"embeddable":true,"href":"https:\/\/www.caririemacao.com\/1\/wp-json\/wp\/v2\/comments?post=99341"}],"version-history":[{"count":1,"href":"https:\/\/www.caririemacao.com\/1\/wp-json\/wp\/v2\/posts\/99341\/revisions"}],"predecessor-version":[{"id":99342,"href":"https:\/\/www.caririemacao.com\/1\/wp-json\/wp\/v2\/posts\/99341\/revisions\/99342"}],"wp:featuredmedia":[{"embeddable":true,"href":"https:\/\/www.caririemacao.com\/1\/wp-json\/wp\/v2\/media\/32659"}],"wp:attachment":[{"href":"https:\/\/www.caririemacao.com\/1\/wp-json\/wp\/v2\/media?parent=99341"}],"wp:term":[{"taxonomy":"category","embeddable":true,"href":"https:\/\/www.caririemacao.com\/1\/wp-json\/wp\/v2\/categories?post=99341"},{"taxonomy":"post_tag","embeddable":true,"href":"https:\/\/www.caririemacao.com\/1\/wp-json\/wp\/v2\/tags?post=99341"}],"curies":[{"name":"wp","href":"https:\/\/api.w.org\/{rel}","templated":true}]}}