{"id":99368,"date":"2019-06-11T06:43:46","date_gmt":"2019-06-11T09:43:46","guid":{"rendered":"http:\/\/www.caririemacao.com\/1\/?p=99368"},"modified":"2019-06-11T06:43:46","modified_gmt":"2019-06-11T09:43:46","slug":"varios-paraibanos-entre-os-politicos-mais-influentes-do-congresso-nacional","status":"publish","type":"post","link":"https:\/\/www.caririemacao.com\/1\/2019\/06\/11\/varios-paraibanos-entre-os-politicos-mais-influentes-do-congresso-nacional\/","title":{"rendered":"V\u00e1rios paraibanos entre os pol\u00edticos mais influentes do Congresso Nacional"},"content":{"rendered":"\n<p>De acordo com o mais recente levantamento feito pelo renomado DIAP (Departamento Intersindical de Assessoria Parlamentar), v\u00e1rios parlamentares paraibanos j\u00e1 se posicionam no Congresso Nacional entre os 100 pol\u00edticos mais influentes em Bras\u00edlia.<\/p>\n\n\n\n<p>Ou seja, que t\u00eam influ\u00eancia no debate dos temas em evid\u00eancia, no encaminhamento de consensos ou na media\u00e7\u00e3o de interesses distintos.<\/p>\n\n\n\n<p>Senadores: Veneziano Vital (PSB) e Daniella Ribeiro (PP).<\/p>\n\n\n\n<p>Deputados: Efraim Filho (DEM), Aguinaldo Ribeiro (PP), Wellington Roberto (PL \u2013 ex-PR), Gerv\u00e1sio Maia (PSB) e Pedro Cunha Lima (PSDB).<\/p>\n\n\n\n<p>Em tempo: a paraibana\/paulista Lu\u00edza Erundina (Psol) tamb\u00e9m est\u00e1 na rela\u00e7\u00e3o.<\/p>\n","protected":false},"excerpt":{"rendered":"<p>De acordo com o mais recente levantamento feito pelo renomado DIAP (Departamento Intersindical de Assessoria Parlamentar), v\u00e1rios parlamentares paraibanos j\u00e1 se posicionam no Congresso Nacional&hellip; <\/p>\n","protected":false},"author":1,"featured_media":13097,"comment_status":"closed","ping_status":"closed","sticky":false,"template":"","format":"standard","meta":{"sfsi_plus_gutenberg_text_before_share":"","sfsi_plus_gutenberg_show_text_before_share":"","sfsi_plus_gutenberg_icon_type":"","sfsi_plus_gutenberg_icon_alignemt":"","sfsi_plus_gutenburg_max_per_row":"","footnotes":""},"categories":[11],"tags":[],"class_list":["post-99368","post","type-post","status-publish","format-standard","has-post-thumbnail","hentry","category-politica"],"_links":{"self":[{"href":"https:\/\/www.caririemacao.com\/1\/wp-json\/wp\/v2\/posts\/99368","targetHints":{"allow":["GET"]}}],"collection":[{"href":"https:\/\/www.caririemacao.com\/1\/wp-json\/wp\/v2\/posts"}],"about":[{"href":"https:\/\/www.caririemacao.com\/1\/wp-json\/wp\/v2\/types\/post"}],"author":[{"embeddable":true,"href":"https:\/\/www.caririemacao.com\/1\/wp-json\/wp\/v2\/users\/1"}],"replies":[{"embeddable":true,"href":"https:\/\/www.caririemacao.com\/1\/wp-json\/wp\/v2\/comments?post=99368"}],"version-history":[{"count":1,"href":"https:\/\/www.caririemacao.com\/1\/wp-json\/wp\/v2\/posts\/99368\/revisions"}],"predecessor-version":[{"id":99369,"href":"https:\/\/www.caririemacao.com\/1\/wp-json\/wp\/v2\/posts\/99368\/revisions\/99369"}],"wp:featuredmedia":[{"embeddable":true,"href":"https:\/\/www.caririemacao.com\/1\/wp-json\/wp\/v2\/media\/13097"}],"wp:attachment":[{"href":"https:\/\/www.caririemacao.com\/1\/wp-json\/wp\/v2\/media?parent=99368"}],"wp:term":[{"taxonomy":"category","embeddable":true,"href":"https:\/\/www.caririemacao.com\/1\/wp-json\/wp\/v2\/categories?post=99368"},{"taxonomy":"post_tag","embeddable":true,"href":"https:\/\/www.caririemacao.com\/1\/wp-json\/wp\/v2\/tags?post=99368"}],"curies":[{"name":"wp","href":"https:\/\/api.w.org\/{rel}","templated":true}]}}