{"id":99374,"date":"2019-06-11T06:45:50","date_gmt":"2019-06-11T09:45:50","guid":{"rendered":"http:\/\/www.caririemacao.com\/1\/?p=99374"},"modified":"2019-06-11T06:45:50","modified_gmt":"2019-06-11T09:45:50","slug":"segunda-turma-do-supremo-deve-julgar-recurso-de-lula-nesta-terca-feira","status":"publish","type":"post","link":"https:\/\/www.caririemacao.com\/1\/2019\/06\/11\/segunda-turma-do-supremo-deve-julgar-recurso-de-lula-nesta-terca-feira\/","title":{"rendered":"Segunda Turma do Supremo deve julgar recurso de Lula nesta ter\u00e7a-feira"},"content":{"rendered":"\n<p>\u00c0s v\u00e9speras de o ministro Ricardo Lewandowski deixar a presid\u00eancia da Segunda Turma do Supremo Tribunal Federal (STF), o colegiado deve julgar nesta ter\u00e7a-feira, 11, um recurso do ex-presidente Luiz In\u00e1cio Lula da Silva, preso e condenado no \u00e2mbito da Opera\u00e7\u00e3o Lava Jato, que pode coloc\u00e1-lo em liberdade.<\/p>\n\n\n\n<p>Integrantes do Supremo ouvidos reservadamente pela reportagem acreditam que a sess\u00e3o pode servir para ministros darem recados ao ex-juiz federal Sergio Moro e \u00e0 Opera\u00e7\u00e3o Lava Jato, depois de o site The Intercept Brasil publicar o conte\u00fado vazado de supostas mensagens trocadas por Moro e o coordenador da for\u00e7a-tarefa da Lava Jato em Curitiba, Deltan Dallagnol.<\/p>\n\n\n\n<p>As conversas supostamente mostrariam que Moro teria orientado investiga\u00e7\u00f5es da Lava Jato por meio de mensagens trocadas no aplicativo Telegram. O site afirmou que recebeu de fonte an\u00f4nima o material.<\/p>\n\n\n\n<p>O recurso de Lula come\u00e7ou a ser discutido em abril deste ano no plen\u00e1rio virtual do STF, mas um pedido de destaque do ministro Gilmar Mendes no dia 12 do mesmo m\u00eas interrompeu o julgamento e fez com que o processo seja discutido agora presencialmente pelos ministros.<\/p>\n\n\n\n<p>O colegiado far\u00e1 nesta ter\u00e7a-feira sess\u00f5es pela manh\u00e3 e pela tarde, as \u00faltimas presididas por Lewandowski, que vai deixar o comando da turma, mas seguir\u00e1 fazendo parte dela. No fim do m\u00eas, a ministra C\u00e1rmen L\u00facia \u2013 considerada linha dura no julgamento de investigados \u2013 vai assumir a presid\u00eancia da turma e ter\u00e1 o controle do que ser\u00e1 examinado nas sess\u00f5es. A turma n\u00e3o se reunir\u00e1 na pr\u00f3xima semana em virtude do feriado de Corpus Christi.<\/p>\n\n\n\n<p>Em fevereiro, o ministro Edson Fachin, relator da Opera\u00e7\u00e3o Lava Jato no STF, negou o pedido de liberdade de Lula, que est\u00e1 preso desde abril do ano passado na Superintend\u00eancia da Pol\u00edcia Federal em Curitiba. O julgamento suspenso no plen\u00e1rio virtual da 2\u00aa Turma envolve um recurso de Lula contra essa decis\u00e3o de Fachin.<\/p>\n\n\n\n<p>A Segunda Turma \u00e9 composta pelos ministros Ricardo Lewandowski, Gilmar Mendes, C\u00e1rmen L\u00facia, Edson Fachin e pelo decano do STF, ministro Celso de Mello.<\/p>\n\n\n\n<p>No caso em quest\u00e3o, Lula recorreu ao Supremo depois de o ministro Felix Fischer, do Superior Tribunal de Justi\u00e7a (STJ), ter negado individualmente um recurso do petista contra sua condena\u00e7\u00e3o no caso do triplex do Guaruj\u00e1.<\/p>\n\n\n\n<p>No entanto, a Quinta Turma do STJ \u2013 em decis\u00e3o colegiada e un\u00e2nime \u2013 confirmou em abril deste ano a condena\u00e7\u00e3o do ex-presidente por corrup\u00e7\u00e3o passiva e lavagem de dinheiro no caso do triplex do Guaruj\u00e1 (SP), mas reduziu a pena do petista de 12 anos e 1 m\u00eas de pris\u00e3o para 8 anos, 10 meses e 20 dias de reclus\u00e3o.<\/p>\n\n\n\n<p>O pedido de destaque de Gilmar Mendes no plen\u00e1rio virtual do Supremo foi feito antes do julgamento colegiado desse outro recurso de Lula no STJ. Ou seja: existe a possibilidade do recurso de Lula no Supremo ter \u201cperdido o objeto\u201d agora, j\u00e1 que a Quinta Turma do STJ fez ajustes na decis\u00e3o monocr\u00e1tica de Fischer. Na pr\u00e1tica, a decis\u00e3o monocr\u00e1tica de Fischer, contestada por Lula no Supremo, n\u00e3o existe mais.<\/p>\n","protected":false},"excerpt":{"rendered":"<p>\u00c0s v\u00e9speras de o ministro Ricardo Lewandowski deixar a presid\u00eancia da Segunda Turma do Supremo Tribunal Federal (STF), o colegiado deve julgar nesta ter\u00e7a-feira, 11,&hellip; <\/p>\n","protected":false},"author":1,"featured_media":87035,"comment_status":"closed","ping_status":"closed","sticky":false,"template":"","format":"standard","meta":{"sfsi_plus_gutenberg_text_before_share":"","sfsi_plus_gutenberg_show_text_before_share":"","sfsi_plus_gutenberg_icon_type":"","sfsi_plus_gutenberg_icon_alignemt":"","sfsi_plus_gutenburg_max_per_row":"","footnotes":""},"categories":[50,11],"tags":[],"class_list":["post-99374","post","type-post","status-publish","format-standard","has-post-thumbnail","hentry","category-destaque","category-politica"],"_links":{"self":[{"href":"https:\/\/www.caririemacao.com\/1\/wp-json\/wp\/v2\/posts\/99374","targetHints":{"allow":["GET"]}}],"collection":[{"href":"https:\/\/www.caririemacao.com\/1\/wp-json\/wp\/v2\/posts"}],"about":[{"href":"https:\/\/www.caririemacao.com\/1\/wp-json\/wp\/v2\/types\/post"}],"author":[{"embeddable":true,"href":"https:\/\/www.caririemacao.com\/1\/wp-json\/wp\/v2\/users\/1"}],"replies":[{"embeddable":true,"href":"https:\/\/www.caririemacao.com\/1\/wp-json\/wp\/v2\/comments?post=99374"}],"version-history":[{"count":1,"href":"https:\/\/www.caririemacao.com\/1\/wp-json\/wp\/v2\/posts\/99374\/revisions"}],"predecessor-version":[{"id":99375,"href":"https:\/\/www.caririemacao.com\/1\/wp-json\/wp\/v2\/posts\/99374\/revisions\/99375"}],"wp:featuredmedia":[{"embeddable":true,"href":"https:\/\/www.caririemacao.com\/1\/wp-json\/wp\/v2\/media\/87035"}],"wp:attachment":[{"href":"https:\/\/www.caririemacao.com\/1\/wp-json\/wp\/v2\/media?parent=99374"}],"wp:term":[{"taxonomy":"category","embeddable":true,"href":"https:\/\/www.caririemacao.com\/1\/wp-json\/wp\/v2\/categories?post=99374"},{"taxonomy":"post_tag","embeddable":true,"href":"https:\/\/www.caririemacao.com\/1\/wp-json\/wp\/v2\/tags?post=99374"}],"curies":[{"name":"wp","href":"https:\/\/api.w.org\/{rel}","templated":true}]}}