{"id":99382,"date":"2019-06-11T06:48:16","date_gmt":"2019-06-11T09:48:16","guid":{"rendered":"http:\/\/www.caririemacao.com\/1\/?p=99382"},"modified":"2019-06-11T06:48:16","modified_gmt":"2019-06-11T09:48:16","slug":"confirmado-11o-caso-de-malaria-na-paraiba","status":"publish","type":"post","link":"https:\/\/www.caririemacao.com\/1\/2019\/06\/11\/confirmado-11o-caso-de-malaria-na-paraiba\/","title":{"rendered":"Confirmado 11\u00ba caso de mal\u00e1ria na Para\u00edba"},"content":{"rendered":"\n<p>A assessoria de comunica\u00e7\u00e3o do Hospital Universit\u00e1rio Lauro Wanderley confirmou, nesta segunda-feira (10), o d\u00e9cimo primeiro caso de mal\u00e1ria na Para\u00edba.<\/p>\n\n\n\n<p>Os casos da doen\u00e7a t\u00eam sido registrados no Conde, regi\u00e3o metropolitana de Jo\u00e3o Pessoa, desde abril deste ano.<\/p>\n\n\n\n<p>O paciente teve que ficar internado no hospital. Al\u00e9m dele, mais tr\u00eas pessoas est\u00e3o em tratamento. Todos os pacientes tem quadro de sa\u00fade est\u00e1vel.<\/p>\n","protected":false},"excerpt":{"rendered":"<p>A assessoria de comunica\u00e7\u00e3o do Hospital Universit\u00e1rio Lauro Wanderley confirmou, nesta segunda-feira (10), o d\u00e9cimo primeiro caso de mal\u00e1ria na Para\u00edba. Os casos da doen\u00e7a&hellip; <\/p>\n","protected":false},"author":1,"featured_media":90733,"comment_status":"closed","ping_status":"closed","sticky":false,"template":"","format":"standard","meta":{"sfsi_plus_gutenberg_text_before_share":"","sfsi_plus_gutenberg_show_text_before_share":"","sfsi_plus_gutenberg_icon_type":"","sfsi_plus_gutenberg_icon_alignemt":"","sfsi_plus_gutenburg_max_per_row":"","footnotes":""},"categories":[16],"tags":[],"class_list":["post-99382","post","type-post","status-publish","format-standard","has-post-thumbnail","hentry","category-saude"],"_links":{"self":[{"href":"https:\/\/www.caririemacao.com\/1\/wp-json\/wp\/v2\/posts\/99382","targetHints":{"allow":["GET"]}}],"collection":[{"href":"https:\/\/www.caririemacao.com\/1\/wp-json\/wp\/v2\/posts"}],"about":[{"href":"https:\/\/www.caririemacao.com\/1\/wp-json\/wp\/v2\/types\/post"}],"author":[{"embeddable":true,"href":"https:\/\/www.caririemacao.com\/1\/wp-json\/wp\/v2\/users\/1"}],"replies":[{"embeddable":true,"href":"https:\/\/www.caririemacao.com\/1\/wp-json\/wp\/v2\/comments?post=99382"}],"version-history":[{"count":1,"href":"https:\/\/www.caririemacao.com\/1\/wp-json\/wp\/v2\/posts\/99382\/revisions"}],"predecessor-version":[{"id":99383,"href":"https:\/\/www.caririemacao.com\/1\/wp-json\/wp\/v2\/posts\/99382\/revisions\/99383"}],"wp:featuredmedia":[{"embeddable":true,"href":"https:\/\/www.caririemacao.com\/1\/wp-json\/wp\/v2\/media\/90733"}],"wp:attachment":[{"href":"https:\/\/www.caririemacao.com\/1\/wp-json\/wp\/v2\/media?parent=99382"}],"wp:term":[{"taxonomy":"category","embeddable":true,"href":"https:\/\/www.caririemacao.com\/1\/wp-json\/wp\/v2\/categories?post=99382"},{"taxonomy":"post_tag","embeddable":true,"href":"https:\/\/www.caririemacao.com\/1\/wp-json\/wp\/v2\/tags?post=99382"}],"curies":[{"name":"wp","href":"https:\/\/api.w.org\/{rel}","templated":true}]}}