{"id":99394,"date":"2019-06-11T07:05:46","date_gmt":"2019-06-11T10:05:46","guid":{"rendered":"http:\/\/www.caririemacao.com\/1\/?p=99394"},"modified":"2019-06-11T07:05:46","modified_gmt":"2019-06-11T10:05:46","slug":"desmatamento-e-principal-preocupacao-do-brasileiro-revela-pesquisa","status":"publish","type":"post","link":"https:\/\/www.caririemacao.com\/1\/2019\/06\/11\/desmatamento-e-principal-preocupacao-do-brasileiro-revela-pesquisa\/","title":{"rendered":"Desmatamento \u00e9 principal preocupa\u00e7\u00e3o do brasileiro, revela pesquisa"},"content":{"rendered":"\n<p>A pesquisa global&nbsp;<em>Earth Day 2019<\/em>, realizada pela Ipsos, entre os dias 22 de fevereiro e 8 de mar\u00e7o deste ano, revela que o desmatamento lidera entre as preocupa\u00e7\u00f5es demonstradas pelos brasileiros com rela\u00e7\u00e3o ao meio ambiente. A sondagem foi feita em 28 pa\u00edses, com 19,5 mil entrevistados, sendo mil brasileiros. O desmatamento foi considerado o tema mais importante por 53% dos consultados. Em termos mundiais, o tema priorit\u00e1rio \u00e9 o aquecimento global, com 37% das respostas.<\/p>\n\n\n\n<p>&#8220;O aquecimento global \u00e9 tamb\u00e9m um dos temas importantes no Brasil, mas o que chama mais aten\u00e7\u00e3o \u00e9 o desmatamento, que \u00e9 muito mais mencionado no Brasil do que na m\u00e9dia global&#8221;, disse a diretora de Neg\u00f3cios na Ipsos, Karen Klas, em entrevista \u00e0&nbsp;<strong>Ag\u00eancia Brasil<\/strong>. Karen disse que a resposta dos brasileiros foi uma combina\u00e7\u00e3o da quantidade de reservas naturais do pa\u00eds, da visibilidade que a Amaz\u00f4nia tem nesse sentido e, tamb\u00e9m, das discuss\u00f5es em rela\u00e7\u00e3o \u00e0s pol\u00edticas adotadas pelo governo. Na R\u00fassia, que tem \u00e1reas maiores de florestas que o Brasil, apenas 20% dos entrevistados veem o tema do desmatamento como prioridade.<\/p>\n\n\n\n<p>Em segundo lugar, no Brasil, aparece a polui\u00e7\u00e3o da \u00e1gua (44%), seguida de como lidar com os res\u00edduos produzidos (36%), aquecimento global (29%) e esgotamento de recursos naturais (23%). O problema das enchentes foi mencionado por 18% dos entrevistados, ou seja, por dois em cada dez brasileiros, constituindo o dobro da m\u00e9dia global de 9% para esse item.<\/p>\n\n\n\n<p>No resto do mundo, os temas apontados como os mais preocupantes na quest\u00e3o ambiental foram polui\u00e7\u00e3o do ar (35%), como lidar com o lixo que produzimos (34%), polui\u00e7\u00e3o da \u00e1gua (25%). O desmatamento s\u00f3 aparece em 5\u00ba lugar no&nbsp;<em>ranking&nbsp;<\/em>global da Ipsos, com 24%.<\/p>\n\n\n\n<h2 class=\"wp-block-heading\">Polui\u00e7\u00e3o e lixo<\/h2>\n\n\n\n<p>Karen Klas destacou que a polui\u00e7\u00e3o da \u00e1gua \u00e9 um tema que est\u00e1 muito pr\u00f3ximo da quantidade de lixo gerada pela popula\u00e7\u00e3o. Os res\u00edduos n\u00e3o reciclados preocupam tamb\u00e9m os brasileiros. Nove em cada dez entrevistados no pa\u00eds, ou cerca de 89%, est\u00e3o preocupados ou muito preocupados com os efeitos que embalagens pl\u00e1sticas, como sacos e outros objetos que n\u00e3o podem ser reciclados, provocam no meio ambiente.<\/p>\n\n\n\n<p>&#8220;H\u00e1 um potencial bastante alto dos brasileiros preocupado com isso&#8221;, disse.<\/p>\n\n\n\n<p>Os muito preocupados chegam a 60%. Em termos globais, 81% dos consultados est\u00e3o preocupados com o tema. Karen salientou que quanto mais esse tema for debatido pelas pessoas, mais elas entendem que isso pode ter um impacto negativo em suas vidas e no mundo.<\/p>\n\n\n\n<p>Em contrapartida, nem todos est\u00e3o dispostos a atuar para corrigir esse problema. Quando perguntados de quem seria a responsabilidade pelo problema das embalagens pl\u00e1sticas, a maior men\u00e7\u00e3o \u00e9 que todos t\u00eam responsabilidade (40%). Em seguida, v\u00eam os fabricantes, isto \u00e9, a ind\u00fastria, com 19%, e o governo, com 15%.<\/p>\n\n\n\n<p>&#8220;Mas quando a gente perguntava o que voc\u00ea, pessoalmente, estaria disposto a fazer, n\u00e3o necessariamente o brasileiro est\u00e1 t\u00e3o em linha com a m\u00e9dia global. Por exemplo, comprar produtos de materiais reciclados, a gente est\u00e1 um pouco mais disposto que o restante do mundo. Mas quando a gente fala de reutilizar materiais que s\u00e3o descart\u00e1veis, entre os 28 pa\u00edses listados, o Brasil est\u00e1 em 14\u00ba lugar. Ent\u00e3o, n\u00e3o \u00e9 uma prioridade t\u00e3o grande quando a gente fala de mudan\u00e7as pessoais de comportamento&#8221;.<\/p>\n\n\n\n<p>Apenas 12% dos brasileiros investiriam recursos pr\u00f3prios para estimular marcas que usam embalagens recicl\u00e1veis e s\u00f3 11% estariam dispostos a pagar mais impostos para a melhoria de esta\u00e7\u00f5es de reciclagem, destacou Karen.<\/p>\n\n\n\n<p>Para 48% dos brasileiros, a principal forma de reduzir os impactos \u00e9 for\u00e7ar o governo local a gastar mais com reciclagem para que mais itens possam passar por esse tratamento. A m\u00e9dia global foi 46%. No Brasil, os entrevistados acreditam mais nas campanhas de conscientiza\u00e7\u00e3o p\u00fablica (40%) do que o restante do mundo (27%).<\/p>\n\n\n\n<h2 class=\"wp-block-heading\">Preocupa\u00e7\u00e3o geral<\/h2>\n\n\n\n<p>A pesquisa n\u00e3o tra\u00e7ou um<em>&nbsp;ranking<\/em>&nbsp;de preocupa\u00e7\u00e3o geral. Entretanto, revela que a preocupa\u00e7\u00e3o varia de pa\u00eds a pa\u00eds, de acordo com o tema apresentado. Enquanto no Brasil o tema principal \u00e9 o desmatamento, o Jap\u00e3o lidera em termos de aquecimento global, com 52% das respostas, contra a m\u00e9dia global de 37%. Na polui\u00e7\u00e3o do ar, a Coreia do Sul se mostra mais preocupada, com 70%, contra m\u00e9dia de 35%.<\/p>\n\n\n\n<p>Karen Klas salientou que nas perguntas relacionadas ao uso de fontes alternativas de energia no futuro, o Jap\u00e3o volta a liderar, com 47%, versus m\u00e9dia global de 22%. Neste caso, o Brasil est\u00e1 entre os pa\u00edses que menos mencionam as energias renov\u00e1veis entre as suas preocupa\u00e7\u00f5es, com somente 8% das respostas.<\/p>\n\n\n\n<p>A ideia da Ipsos \u00e9 fazer esse tipo de pesquisa uma vez por ano, no mesmo per\u00edodo, para entender o andamento do tema da sustentabilidade. A Ipsos \u00e9 uma empresa de pesquisa de mercado independente, presente em 89 pa\u00edses.<\/p>\n","protected":false},"excerpt":{"rendered":"<p>A pesquisa global&nbsp;Earth Day 2019, realizada pela Ipsos, entre os dias 22 de fevereiro e 8 de mar\u00e7o deste ano, revela que o desmatamento lidera&hellip; <\/p>\n","protected":false},"author":1,"featured_media":99395,"comment_status":"closed","ping_status":"closed","sticky":false,"template":"","format":"standard","meta":{"sfsi_plus_gutenberg_text_before_share":"","sfsi_plus_gutenberg_show_text_before_share":"","sfsi_plus_gutenberg_icon_type":"","sfsi_plus_gutenberg_icon_alignemt":"","sfsi_plus_gutenburg_max_per_row":"","footnotes":""},"categories":[2],"tags":[],"class_list":["post-99394","post","type-post","status-publish","format-standard","has-post-thumbnail","hentry","category-geral"],"_links":{"self":[{"href":"https:\/\/www.caririemacao.com\/1\/wp-json\/wp\/v2\/posts\/99394","targetHints":{"allow":["GET"]}}],"collection":[{"href":"https:\/\/www.caririemacao.com\/1\/wp-json\/wp\/v2\/posts"}],"about":[{"href":"https:\/\/www.caririemacao.com\/1\/wp-json\/wp\/v2\/types\/post"}],"author":[{"embeddable":true,"href":"https:\/\/www.caririemacao.com\/1\/wp-json\/wp\/v2\/users\/1"}],"replies":[{"embeddable":true,"href":"https:\/\/www.caririemacao.com\/1\/wp-json\/wp\/v2\/comments?post=99394"}],"version-history":[{"count":1,"href":"https:\/\/www.caririemacao.com\/1\/wp-json\/wp\/v2\/posts\/99394\/revisions"}],"predecessor-version":[{"id":99396,"href":"https:\/\/www.caririemacao.com\/1\/wp-json\/wp\/v2\/posts\/99394\/revisions\/99396"}],"wp:featuredmedia":[{"embeddable":true,"href":"https:\/\/www.caririemacao.com\/1\/wp-json\/wp\/v2\/media\/99395"}],"wp:attachment":[{"href":"https:\/\/www.caririemacao.com\/1\/wp-json\/wp\/v2\/media?parent=99394"}],"wp:term":[{"taxonomy":"category","embeddable":true,"href":"https:\/\/www.caririemacao.com\/1\/wp-json\/wp\/v2\/categories?post=99394"},{"taxonomy":"post_tag","embeddable":true,"href":"https:\/\/www.caririemacao.com\/1\/wp-json\/wp\/v2\/tags?post=99394"}],"curies":[{"name":"wp","href":"https:\/\/api.w.org\/{rel}","templated":true}]}}