{"id":99415,"date":"2019-06-11T13:04:47","date_gmt":"2019-06-11T16:04:47","guid":{"rendered":"http:\/\/www.caririemacao.com\/1\/?p=99415"},"modified":"2019-06-11T13:04:47","modified_gmt":"2019-06-11T16:04:47","slug":"lula-se-diz-surpreso-com-grau-de-promiscuidade-entre-integrantes-da-operacao","status":"publish","type":"post","link":"https:\/\/www.caririemacao.com\/1\/2019\/06\/11\/lula-se-diz-surpreso-com-grau-de-promiscuidade-entre-integrantes-da-operacao\/","title":{"rendered":"Lula se diz surpreso com grau de \u201cpromiscuidade\u201d entre integrantes da opera\u00e7\u00e3o"},"content":{"rendered":"\n<p>O ex-presidente Luiz In\u00e1cio Lula da Silva (PT) disse, na manh\u00e3 desta ter\u00e7a-feira (11), aos seus advogado estar surpreso com o grau de \u201cpromiscuidade\u201d da rela\u00e7\u00e3o entre os integrantes da\u00a0<strong>opera\u00e7\u00e3o Lava Jato<\/strong>\u00a0e o\u00a0<strong>ex-juiz federal e atual ministro da Justi\u00e7a e Seguran\u00e7a P\u00fablica, Sergio Moro<\/strong>, ap\u00f3s a divulga\u00e7\u00e3o de conversas divulgadas pelo site\u00a0<strong>The Intercept Brasil<\/strong>\u00a0no \u00faltimo domingo (9).<\/p>\n\n\n\n<p>Em reuni\u00e3o com seus defensores, o ex-presidente ratificou que j\u00e1 sabia do suposto conluio entre seus acusadores e seu julgador, mas ressaltou que n\u00e3o esperava que isso se tornaria p\u00fablico t\u00e3o rapidamente. \u201cA verdade fica doente, mas n\u00e3o morre nunca\u201d, disse Lula, ao comentar a divulga\u00e7\u00e3o das conversas, segundo seu advogado Jos\u00e9 Roberto Batochio.<\/p>\n\n\n\n<p>Batochio esteve com Lula por cerca de duas horas na carceragem da PF (Pol\u00edcia Federal) em Curitiba (PR), onde o ex-presidente est\u00e1 preso desde abril de 2018 por conta de uma acusa\u00e7\u00e3o de corrup\u00e7\u00e3o feita pela pr\u00f3pria Lava Jato. O advogado Cristiano Zanin, que tamb\u00e9m defende o ex-presidente, participou da visita.<\/p>\n\n\n\n<p>Zanin afirmou ao deixar a PF que o conte\u00fado das reportagens divulgadas pelo The Intercept confirma o que ele e outros advogados do ex-presidente v\u00eam afirmando h\u00e1 anos. \u201cAs reportagens refor\u00e7am que o ex-presidente n\u00e3o teve direito a um julgamento imparcial\u201d, afirmou ele. \u201cHouve uma absoluta falta de imparcialidade e equidist\u00e2ncia das partes.\u201d<\/p>\n\n\n\n<p>O advogado explicou que o teor das conversas deve ser usado por recursos que a defesa do ex-presidente apresentar\u00e1 \u00e0 Justi\u00e7a em busca de sua liberdade. Ele disse que a estrat\u00e9gia para apresenta\u00e7\u00e3o desses recursos ainda est\u00e1 em discuss\u00e3o pela equipe que defende Lula. Segundo apura\u00e7\u00e3o do blogueiro Jamil Chade, do Uol, a defesa j\u00e1 definiu que usar\u00e1 as conversas no processo que ser\u00e1 levado ao Conselho dos Direitos Humanos da ONU.<\/p>\n\n\n\n<p>As mensagens publicadas pelo site The Intercept Brasil no domingo indicam suposta interfer\u00eancia de Moro em a\u00e7\u00f5es conduzidas pelo MPF (Minist\u00e9rio P\u00fablico Federal). A for\u00e7a-tarefa da Lava Jato confirmou o vazamento das mensagens, mas disse que n\u00e3o h\u00e1 nenhuma ilegalidade revelada pelo conte\u00fado.<\/p>\n\n\n\n<p>Foram divulgados trechos de conversas de grupos da for\u00e7a-tarefa no Telegram, aplicativo de mensagens, que teriam sido trocadas entre 2015 e 2018 e obtidos pelo site com uma fonte an\u00f4nima.<\/p>\n\n\n\n<p>Nas conversas, os procuradores da Lava Jato tamb\u00e9m discutiram maneiras de evitar que fosse realizada uma entrevista de Lula ao jornal \u201cFolha de S. Paulo\u201d, autorizada pelo ministro do STF (Supremo Tribunal Federal) Ricardo Lewandowski, durante o segundo turno das elei\u00e7\u00f5es do ano passado.<\/p>\n\n\n\n<p>A preocupa\u00e7\u00e3o, segundo os di\u00e1logos revelados pelo site, era de que a entrevista pudesse ajudar a eleger o ent\u00e3o candidato \u00e0 Presid\u00eancia Fernando Haddad (PT) ou \u201cpermitir a volta do PT\u201d. A entrevista com a colunista M\u00f4nica Bergamo aconteceria a menos de duas semanas do primeiro turno das elei\u00e7\u00f5es. Haddad foi para o segundo turno e acabou derrotado por Jair Bolsonaro (PSL).<\/p>\n","protected":false},"excerpt":{"rendered":"<p>O ex-presidente Luiz In\u00e1cio Lula da Silva (PT) disse, na manh\u00e3 desta ter\u00e7a-feira (11), aos seus advogado estar surpreso com o grau de \u201cpromiscuidade\u201d da&hellip; <\/p>\n","protected":false},"author":1,"featured_media":94629,"comment_status":"closed","ping_status":"closed","sticky":false,"template":"","format":"standard","meta":{"sfsi_plus_gutenberg_text_before_share":"","sfsi_plus_gutenberg_show_text_before_share":"","sfsi_plus_gutenberg_icon_type":"","sfsi_plus_gutenberg_icon_alignemt":"","sfsi_plus_gutenburg_max_per_row":"","footnotes":""},"categories":[11],"tags":[],"class_list":["post-99415","post","type-post","status-publish","format-standard","has-post-thumbnail","hentry","category-politica"],"_links":{"self":[{"href":"https:\/\/www.caririemacao.com\/1\/wp-json\/wp\/v2\/posts\/99415","targetHints":{"allow":["GET"]}}],"collection":[{"href":"https:\/\/www.caririemacao.com\/1\/wp-json\/wp\/v2\/posts"}],"about":[{"href":"https:\/\/www.caririemacao.com\/1\/wp-json\/wp\/v2\/types\/post"}],"author":[{"embeddable":true,"href":"https:\/\/www.caririemacao.com\/1\/wp-json\/wp\/v2\/users\/1"}],"replies":[{"embeddable":true,"href":"https:\/\/www.caririemacao.com\/1\/wp-json\/wp\/v2\/comments?post=99415"}],"version-history":[{"count":1,"href":"https:\/\/www.caririemacao.com\/1\/wp-json\/wp\/v2\/posts\/99415\/revisions"}],"predecessor-version":[{"id":99416,"href":"https:\/\/www.caririemacao.com\/1\/wp-json\/wp\/v2\/posts\/99415\/revisions\/99416"}],"wp:featuredmedia":[{"embeddable":true,"href":"https:\/\/www.caririemacao.com\/1\/wp-json\/wp\/v2\/media\/94629"}],"wp:attachment":[{"href":"https:\/\/www.caririemacao.com\/1\/wp-json\/wp\/v2\/media?parent=99415"}],"wp:term":[{"taxonomy":"category","embeddable":true,"href":"https:\/\/www.caririemacao.com\/1\/wp-json\/wp\/v2\/categories?post=99415"},{"taxonomy":"post_tag","embeddable":true,"href":"https:\/\/www.caririemacao.com\/1\/wp-json\/wp\/v2\/tags?post=99415"}],"curies":[{"name":"wp","href":"https:\/\/api.w.org\/{rel}","templated":true}]}}