{"id":99425,"date":"2019-06-11T13:13:01","date_gmt":"2019-06-11T16:13:01","guid":{"rendered":"http:\/\/www.caririemacao.com\/1\/?p=99425"},"modified":"2019-06-11T13:13:01","modified_gmt":"2019-06-11T16:13:01","slug":"terceira-noite-do-festival-de-quadrilhas-de-monteiro-e-sucesso-de-publico","status":"publish","type":"post","link":"https:\/\/www.caririemacao.com\/1\/2019\/06\/11\/terceira-noite-do-festival-de-quadrilhas-de-monteiro-e-sucesso-de-publico\/","title":{"rendered":"Terceira noite do Festival de Quadrilhas de Monteiro \u00e9 sucesso de p\u00fablico"},"content":{"rendered":"\n<div class=\"wp-block-image\"><figure class=\"alignleft\"><img decoding=\"async\" data-src=\"https:\/\/i0.wp.com\/www.vitrinedocariri.com.br\/wp-content\/uploads\/2019\/06\/DSC_7875.jpg?zoom=2&amp;resize=330%2C220&amp;ssl=1\" alt=\"\" class=\"wp-image-45908 lazyload\" src=\"data:image\/svg+xml;base64,PHN2ZyB3aWR0aD0iMSIgaGVpZ2h0PSIxIiB4bWxucz0iaHR0cDovL3d3dy53My5vcmcvMjAwMC9zdmciPjwvc3ZnPg==\" \/><\/figure><\/div>\n\n\n\n<p>O p\u00fablico lotou a Rua Etelvino Lins para prestigiar a terceira noite do Festival de Quadrilhas de Ruas de Monteiro, na noite desta segunda-feira (11). O Festival come\u00e7ou no \u00faltimo s\u00e1bado (8), e segue at\u00e9 o dia 19.<\/p>\n\n\n\n<p>A prefeita Anna Lorena esteve presente em mais uma noite, e disse que o Festival de Quadrilhas de Ruas anima as ruas cidade. \u201cTemos visto nestes primeiros dias um show de anima\u00e7\u00e3o e disposi\u00e7\u00e3o, tudo com muita paz e tranquilidade\u201d, disse a gestora.<\/p>\n\n\n\n<p>Nesta ter\u00e7a-feira (11), \u00e9 a vez da quadrilha da Rua Joventino Pereira, em frente ao CEC Educacional. A programa\u00e7\u00e3o prossegue nesta quarta-feira, 12, com a Quadrilha do Desenvolvimento Social, que acontece em frente ao Centro de Gastronomia no Alto de S\u00e3o Vicente. J\u00e1 na quinta-feira, 13, o bairro do Mutir\u00e3o recepciona a popula\u00e7\u00e3o. Na sexta (14) \u00e9 a vez da Vila Santa Maria e no s\u00e1bado, dia 15 a Rua de Campina.<\/p>\n\n\n\n<div class=\"wp-block-image\"><figure class=\"alignleft\"><img decoding=\"async\" data-src=\"https:\/\/i0.wp.com\/www.vitrinedocariri.com.br\/wp-content\/uploads\/2019\/06\/DSC_7835.jpg?zoom=2&amp;resize=330%2C220&amp;ssl=1\" alt=\"\" class=\"wp-image-45907 lazyload\" src=\"data:image\/svg+xml;base64,PHN2ZyB3aWR0aD0iMSIgaGVpZ2h0PSIxIiB4bWxucz0iaHR0cDovL3d3dy53My5vcmcvMjAwMC9zdmciPjwvc3ZnPg==\" \/><\/figure><\/div>\n\n\n\n<p>No domingo, dia 16, o Festival de Quadrilhas entra na reta final e acontecer\u00e1 na Rua dos Pereiros, e a tradicional Quadrilha dos Trocados acontece na segunda-feira, dia 17, nas imedia\u00e7\u00f5es do Mercado P\u00fablico. Mas as quadrilhas s\u00f3 encerram com a Quadrilha da Baga\u00e7a que acontece na quarta-feira, 19, percorrendo as principais ruas da cidade com muito forr\u00f3 e alegria.<\/p>\n","protected":false},"excerpt":{"rendered":"<p>O p\u00fablico lotou a Rua Etelvino Lins para prestigiar a terceira noite do Festival de Quadrilhas de Ruas de Monteiro, na noite desta segunda-feira (11).&hellip; <\/p>\n","protected":false},"author":1,"featured_media":99426,"comment_status":"closed","ping_status":"closed","sticky":false,"template":"","format":"standard","meta":{"sfsi_plus_gutenberg_text_before_share":"","sfsi_plus_gutenberg_show_text_before_share":"","sfsi_plus_gutenberg_icon_type":"","sfsi_plus_gutenberg_icon_alignemt":"","sfsi_plus_gutenburg_max_per_row":"","footnotes":""},"categories":[6],"tags":[],"class_list":["post-99425","post","type-post","status-publish","format-standard","has-post-thumbnail","hentry","category-cidades"],"_links":{"self":[{"href":"https:\/\/www.caririemacao.com\/1\/wp-json\/wp\/v2\/posts\/99425","targetHints":{"allow":["GET"]}}],"collection":[{"href":"https:\/\/www.caririemacao.com\/1\/wp-json\/wp\/v2\/posts"}],"about":[{"href":"https:\/\/www.caririemacao.com\/1\/wp-json\/wp\/v2\/types\/post"}],"author":[{"embeddable":true,"href":"https:\/\/www.caririemacao.com\/1\/wp-json\/wp\/v2\/users\/1"}],"replies":[{"embeddable":true,"href":"https:\/\/www.caririemacao.com\/1\/wp-json\/wp\/v2\/comments?post=99425"}],"version-history":[{"count":1,"href":"https:\/\/www.caririemacao.com\/1\/wp-json\/wp\/v2\/posts\/99425\/revisions"}],"predecessor-version":[{"id":99427,"href":"https:\/\/www.caririemacao.com\/1\/wp-json\/wp\/v2\/posts\/99425\/revisions\/99427"}],"wp:featuredmedia":[{"embeddable":true,"href":"https:\/\/www.caririemacao.com\/1\/wp-json\/wp\/v2\/media\/99426"}],"wp:attachment":[{"href":"https:\/\/www.caririemacao.com\/1\/wp-json\/wp\/v2\/media?parent=99425"}],"wp:term":[{"taxonomy":"category","embeddable":true,"href":"https:\/\/www.caririemacao.com\/1\/wp-json\/wp\/v2\/categories?post=99425"},{"taxonomy":"post_tag","embeddable":true,"href":"https:\/\/www.caririemacao.com\/1\/wp-json\/wp\/v2\/tags?post=99425"}],"curies":[{"name":"wp","href":"https:\/\/api.w.org\/{rel}","templated":true}]}}