{"id":99434,"date":"2019-06-11T13:14:55","date_gmt":"2019-06-11T16:14:55","guid":{"rendered":"http:\/\/www.caririemacao.com\/1\/?p=99434"},"modified":"2019-06-11T13:14:55","modified_gmt":"2019-06-11T16:14:55","slug":"sao-joao-de-monteiro-ganha-repercussao-nacional-e-ja-e-considerando-um-dos-maiores-do-ne","status":"publish","type":"post","link":"https:\/\/www.caririemacao.com\/1\/2019\/06\/11\/sao-joao-de-monteiro-ganha-repercussao-nacional-e-ja-e-considerando-um-dos-maiores-do-ne\/","title":{"rendered":"S\u00e3o Jo\u00e3o de Monteiro ganha repercuss\u00e3o nacional e j\u00e1 \u00e9 considerando um dos maiores do NE"},"content":{"rendered":"\n<p>Quem chega \u00e0 Para\u00edba pelo Aeroporto Castro Pinto, localizado na grande Jo\u00e3o Pessoa se depara com a programa\u00e7\u00e3o do segundo maior S\u00e3o Jo\u00e3o da Para\u00edba e um dos maiores do Nordeste, o S\u00e3o Jo\u00e3o de Monteiro, que este m\u00eas se transforma na cidade forr\u00f3.<\/p>\n\n\n\n<p>Com uma gigantesca estrutura de palco e camarotes j\u00e1 em fase de montagem e a Pra\u00e7a de Eventos Zab\u00e9 da Loca sendo especialmente preparada para receber milhares de forrozeiros, o S\u00e3o Jo\u00e3o de Monteiro este ano conseguiu atrair a aten\u00e7\u00e3o de milhares de turistas, proporcionando a gera\u00e7\u00e3o de empregos e renda, aquecendo a economia local, a exemplo das pousadas que est\u00e3o lotadas, al\u00e9m da loca\u00e7\u00e3o de dezenas de im\u00f3veis, assegurando que a movimenta\u00e7\u00e3o ser\u00e1 intensa em todos os segmentos do com\u00e9rcio monteirense.<\/p>\n\n\n\n<p>Com a profissionaliza\u00e7\u00e3o do S\u00e3o Jo\u00e3o de Monteiro, que est\u00e1 sendo coordenado pela prefeita Anna Lorena e pela secret\u00e1ria de Cultura e Turismo, Christianne Leal, al\u00e9m de toda equipe da pasta, os festejos juninos de Monteiro definitivamente entra para o calend\u00e1rio regional, tornando-se uma das maiores festas do Nordeste.<\/p>\n\n\n\n<p>Al\u00e9m do aeroporto Castro Pinto, a programa\u00e7\u00e3o do S\u00e3o Jo\u00e3o de Monteiro vem circulando em espa\u00e7os de Elem\u00eddias dos dois principais shoppings da capital paraibana e ainda esta semana poder\u00e1 ser vista em outdoors ao longo da BR 230, principal rodovia Federal que corta o estado da Para\u00edba.<\/p>\n\n\n\n<p>A repercuss\u00e3o do evento junino de Monteiro, que teve in\u00edcio na noite do \u00faltimo s\u00e1bado (8), com o Festival de Quadrilhas de Ruas, tem recebidos espa\u00e7os especiais, tamb\u00e9m, na m\u00eddia regional, com ampla cobertura pelos meios de comunica\u00e7\u00e3o da regi\u00e3o do Cariri Paraibano.<\/p>\n\n\n\n<p><strong>Confira a programa\u00e7\u00e3o:<\/strong><\/p>\n\n\n\n<p><strong>Dia 21<\/strong><\/p>\n\n\n\n<p>16 HORAS \u2013 Trio P\u00e9 de Serra<\/p>\n\n\n\n<p>18 HORAS \u2013 Sussa de Monteiro<\/p>\n\n\n\n<p>19:30 \u2013 Xote Universit\u00e1rio<\/p>\n\n\n\n<p><strong>Dia 22<\/strong><\/p>\n\n\n\n<p>16 HORAS \u2013 Trio P\u00e9 de Serra<\/p>\n\n\n\n<p>18 HORAS \u2013 Forr\u00f3 Gente Boa<\/p>\n\n\n\n<p>19:30 \u2013 Tonny Lucco<\/p>\n\n\n\n<p><strong>Dia 23<\/strong><\/p>\n\n\n\n<p>16 HORAS \u2013 Trio P\u00e9 de Serra<\/p>\n\n\n\n<p>18 HORAS \u2013 AMIGOS DE MONTEIRO (Nanado, Ulisses, Marcone e Edilson)<\/p>\n\n\n\n<p>19:30 \u2013 Ragner Vox<\/p>\n\n\n\n<p><strong>Dia 24<\/strong><\/p>\n\n\n\n<p>16 HORAS \u2013 Trio P\u00e9 de Serra<\/p>\n\n\n\n<p>18 HORAS \u2013 FORR\u00d3 KENT<\/p>\n\n\n\n<p>19:30 \u2013 Vav\u00e1 Dias<\/p>\n\n\n\n<p><strong>Dia 25<\/strong><\/p>\n\n\n\n<p>16 HORAS \u2013 Trio P\u00e9 de Serra<\/p>\n\n\n\n<p>18 HORAS \u2013 M W Show<\/p>\n\n\n\n<p><strong>Dia 26<\/strong><\/p>\n\n\n\n<p>16 HORAS \u2013 Trio P\u00e9 de Serra<\/p>\n\n\n\n<p>18 HORAS \u2013 Amor Falso<\/p>\n\n\n\n<p><strong>Dia 27<\/strong><\/p>\n\n\n\n<p>16 HORAS \u2013 Trio P\u00e9 de Serra<\/p>\n\n\n\n<p>17 HORAS \u2013 Casamento Comunit\u00e1rio<\/p>\n\n\n\n<p>18 HORAS \u2013 Forr\u00f3 do Candeeiro<\/p>\n\n\n\n<p>19:30 \u2013 Patr\u00f5es do Forr\u00f3<\/p>\n\n\n\n<p>Casamento Comunit\u00e1rio \u2013 27 de junho.<\/p>\n\n\n\n<p><strong>Palco Principal \u2013<\/strong><\/p>\n\n\n\n<p>DIA 21 \u2013 Solange, Samia, Davi Louren\u00e7o e Marcelo e Santiago<\/p>\n\n\n\n<p>DIA 22 \u2013 Jonas Esticado, Dejinha de Monteiro, Fabiana Souto e Forr\u00f3 Mais Eu<\/p>\n\n\n\n<p>DIA 23 \u2013 Jorge de Altinho, Mateus Fernandes Banda Encantos e Adriano Silva<\/p>\n\n\n\n<p>DIA 24 \u2013 Marcia Felipe, Edson Lima, Neno e Niedson Lua.<\/p>\n\n\n\n<p>DIA 25 \u2013 Wesley Safad\u00e3o, Walkyria Santos, Fabiano Guimar\u00e3es e Xod\u00f3 do Cariri.<\/p>\n\n\n\n<p><strong>Programa\u00e7\u00e3o de Emancipa\u00e7\u00e3o no S\u00edtio S\u00e3o Francisco :<\/strong><\/p>\n\n\n\n<p>16 H \u2013 Forr\u00f3 P\u00e9 de Serra<\/p>\n\n\n\n<p>17 H \u2013 Entrega Oficial de Obras e A\u00e7\u00f5es<\/p>\n\n\n\n<p>17:30 \u2013 Lan\u00e7amento Do Programa Cidade Trabalho<\/p>\n\n\n\n<p>18 H \u2013 Musical Dias<\/p>\n\n\n\n<p>PRA\u00c7A JO\u00c3O PESSOA<\/p>\n\n\n\n<p>20 HORAS \u2013 CELEBRA\u00c7\u00c3O ECUM\u00caNICA<\/p>\n\n\n\n<p><strong>Dia 29<\/strong><\/p>\n\n\n\n<p>16 H \u2013 Trio P\u00e9 de Serra<\/p>\n\n\n\n<p>18 H \u2013 Ramon do Acordeom<\/p>\n\n\n\n<p>19:30 \u2013 Fernando e Felipe<\/p>\n","protected":false},"excerpt":{"rendered":"<p>Quem chega \u00e0 Para\u00edba pelo Aeroporto Castro Pinto, localizado na grande Jo\u00e3o Pessoa se depara com a programa\u00e7\u00e3o do segundo maior S\u00e3o Jo\u00e3o da Para\u00edba&hellip; <\/p>\n","protected":false},"author":1,"featured_media":99435,"comment_status":"closed","ping_status":"closed","sticky":false,"template":"","format":"standard","meta":{"sfsi_plus_gutenberg_text_before_share":"","sfsi_plus_gutenberg_show_text_before_share":"","sfsi_plus_gutenberg_icon_type":"","sfsi_plus_gutenberg_icon_alignemt":"","sfsi_plus_gutenburg_max_per_row":"","footnotes":""},"categories":[50,2],"tags":[],"class_list":["post-99434","post","type-post","status-publish","format-standard","has-post-thumbnail","hentry","category-destaque","category-geral"],"_links":{"self":[{"href":"https:\/\/www.caririemacao.com\/1\/wp-json\/wp\/v2\/posts\/99434","targetHints":{"allow":["GET"]}}],"collection":[{"href":"https:\/\/www.caririemacao.com\/1\/wp-json\/wp\/v2\/posts"}],"about":[{"href":"https:\/\/www.caririemacao.com\/1\/wp-json\/wp\/v2\/types\/post"}],"author":[{"embeddable":true,"href":"https:\/\/www.caririemacao.com\/1\/wp-json\/wp\/v2\/users\/1"}],"replies":[{"embeddable":true,"href":"https:\/\/www.caririemacao.com\/1\/wp-json\/wp\/v2\/comments?post=99434"}],"version-history":[{"count":1,"href":"https:\/\/www.caririemacao.com\/1\/wp-json\/wp\/v2\/posts\/99434\/revisions"}],"predecessor-version":[{"id":99436,"href":"https:\/\/www.caririemacao.com\/1\/wp-json\/wp\/v2\/posts\/99434\/revisions\/99436"}],"wp:featuredmedia":[{"embeddable":true,"href":"https:\/\/www.caririemacao.com\/1\/wp-json\/wp\/v2\/media\/99435"}],"wp:attachment":[{"href":"https:\/\/www.caririemacao.com\/1\/wp-json\/wp\/v2\/media?parent=99434"}],"wp:term":[{"taxonomy":"category","embeddable":true,"href":"https:\/\/www.caririemacao.com\/1\/wp-json\/wp\/v2\/categories?post=99434"},{"taxonomy":"post_tag","embeddable":true,"href":"https:\/\/www.caririemacao.com\/1\/wp-json\/wp\/v2\/tags?post=99434"}],"curies":[{"name":"wp","href":"https:\/\/api.w.org\/{rel}","templated":true}]}}