{"id":99442,"date":"2019-06-11T13:19:04","date_gmt":"2019-06-11T16:19:04","guid":{"rendered":"http:\/\/www.caririemacao.com\/1\/?p=99442"},"modified":"2019-06-11T13:19:04","modified_gmt":"2019-06-11T16:19:04","slug":"programacao-da-festa-de-santo-antonio-em-camalau-para-os-dias-11-e-12-de-junho","status":"publish","type":"post","link":"https:\/\/www.caririemacao.com\/1\/2019\/06\/11\/programacao-da-festa-de-santo-antonio-em-camalau-para-os-dias-11-e-12-de-junho\/","title":{"rendered":"Programa\u00e7\u00e3o da Festa de Santo Ant\u00f4nio em Camala\u00fa para os dias 11 e 12 de junho"},"content":{"rendered":"\n<p>A Festa de Santo Ant\u00f4nio em Camala\u00fa, ter\u00e1 programa\u00e7\u00e3o intensa nestes dias 11 e 12.Nesta ter\u00e7a feira dia 11, as comemora\u00e7\u00f5es ser\u00e3o as 19:00 horas com celebra\u00e7\u00e3o festiva no Assentamento Mandacaru, antiga fazenda Feij\u00e3o na divisa do munic\u00edpio de Camala\u00fa com Sum\u00e9. A celebra\u00e7\u00e3o ser\u00e1 na resid\u00eancia do Sr. Heleno Pinto e Dona Maria de Lourdes com a participa\u00e7\u00e3o dos Bacamarteiros de Santo Ant\u00f4nio e da Banda de P\u00edfanos Daniel Domingos.No dia 12,12 de junho (quarta-feira), a partir das 09:00 horas, acontecer\u00e1 visita ao Santu\u00e1rio de Nossa Senhora Aparecida (dirigido pelo Sr. Ademildo, Esposa e Amigos), nas margens do<br>A\u00e7ude P\u00fablico de Camala\u00fa, onde haver\u00e1 celebra\u00e7\u00e3o religiosa, acompanhada pela Banda de P\u00edfanos Daniel Domingos.As 19:00 horas do dia 12 de junho, haver\u00e1 celebra\u00e7\u00e3o festiva no S\u00edtio Viegas, na resid\u00eancia<br>do casal de professores Marden Souza e Sandra Freitas, com comemora\u00e7\u00f5es especiais da Festa Junina na Ro\u00e7a<\/p>\n","protected":false},"excerpt":{"rendered":"<p>A Festa de Santo Ant\u00f4nio em Camala\u00fa, ter\u00e1 programa\u00e7\u00e3o intensa nestes dias 11 e 12.Nesta ter\u00e7a feira dia 11, as comemora\u00e7\u00f5es ser\u00e3o as 19:00 horas&hellip; <\/p>\n","protected":false},"author":1,"featured_media":99443,"comment_status":"closed","ping_status":"closed","sticky":false,"template":"","format":"standard","meta":{"sfsi_plus_gutenberg_text_before_share":"","sfsi_plus_gutenberg_show_text_before_share":"","sfsi_plus_gutenberg_icon_type":"","sfsi_plus_gutenberg_icon_alignemt":"","sfsi_plus_gutenburg_max_per_row":"","footnotes":""},"categories":[6],"tags":[],"class_list":["post-99442","post","type-post","status-publish","format-standard","has-post-thumbnail","hentry","category-cidades"],"_links":{"self":[{"href":"https:\/\/www.caririemacao.com\/1\/wp-json\/wp\/v2\/posts\/99442","targetHints":{"allow":["GET"]}}],"collection":[{"href":"https:\/\/www.caririemacao.com\/1\/wp-json\/wp\/v2\/posts"}],"about":[{"href":"https:\/\/www.caririemacao.com\/1\/wp-json\/wp\/v2\/types\/post"}],"author":[{"embeddable":true,"href":"https:\/\/www.caririemacao.com\/1\/wp-json\/wp\/v2\/users\/1"}],"replies":[{"embeddable":true,"href":"https:\/\/www.caririemacao.com\/1\/wp-json\/wp\/v2\/comments?post=99442"}],"version-history":[{"count":1,"href":"https:\/\/www.caririemacao.com\/1\/wp-json\/wp\/v2\/posts\/99442\/revisions"}],"predecessor-version":[{"id":99444,"href":"https:\/\/www.caririemacao.com\/1\/wp-json\/wp\/v2\/posts\/99442\/revisions\/99444"}],"wp:featuredmedia":[{"embeddable":true,"href":"https:\/\/www.caririemacao.com\/1\/wp-json\/wp\/v2\/media\/99443"}],"wp:attachment":[{"href":"https:\/\/www.caririemacao.com\/1\/wp-json\/wp\/v2\/media?parent=99442"}],"wp:term":[{"taxonomy":"category","embeddable":true,"href":"https:\/\/www.caririemacao.com\/1\/wp-json\/wp\/v2\/categories?post=99442"},{"taxonomy":"post_tag","embeddable":true,"href":"https:\/\/www.caririemacao.com\/1\/wp-json\/wp\/v2\/tags?post=99442"}],"curies":[{"name":"wp","href":"https:\/\/api.w.org\/{rel}","templated":true}]}}