{"id":99457,"date":"2019-06-11T17:12:47","date_gmt":"2019-06-11T20:12:47","guid":{"rendered":"http:\/\/www.caririemacao.com\/1\/?p=99457"},"modified":"2019-06-11T17:12:47","modified_gmt":"2019-06-11T20:12:47","slug":"marilia-mendonca-chama-para-show-cantor-que-tocou-com-plateia-vazia","status":"publish","type":"post","link":"https:\/\/www.caririemacao.com\/1\/2019\/06\/11\/marilia-mendonca-chama-para-show-cantor-que-tocou-com-plateia-vazia\/","title":{"rendered":"Mar\u00edlia Mendon\u00e7a chama para show cantor que tocou com plateia vazia"},"content":{"rendered":"\n<h3 class=\"wp-block-heading\">Gabriel Smaniotto viralizou com um v\u00eddeo em que aparece tocando para uma plateia quase vazia, \u00e0 exce\u00e7\u00e3o dos pais e do Corpo de Bombeiros<\/h3>\n\n\n\n<p> A vida do cantor sertanejo Gabriel Smaniotto passou por uma grande reviravolta nos \u00faltimos dias. Ap\u00f3s viralizar com um v\u00eddeo em que aparece tocando para uma plateia quase vazia, \u00e0 exce\u00e7\u00e3o dos pais e do Corpo de Bombeiros, o artista recebeu um convite de Mar\u00edlia Mendon\u00e7a para participar do seu show. As imagens foram publicadas no Twitter de Gabriel na \u00faltima sexta-feira (7). \u201cObrigado pai e m\u00e3e por serem meu \u00fanico p\u00fablico no show de ontem (e os bombeiros)\u201d, falou o cantor. <\/p>\n\n\n\n<figure class=\"wp-block-embed-twitter wp-block-embed is-type-rich is-provider-twitter\"><div class=\"wp-block-embed__wrapper\">\n<div class=\"ose-twitter ose-uid-2b456fb247248706d862dbae8163a4a9 ose-embedpress-responsive\" style=\"width:600px; height:550px; max-height:550px; max-width:100%; display:inline-block;\" data-embed-type=\"Twitter\"><blockquote class=\"twitter-tweet\" data-width=\"600\" data-dnt=\"true\"><p lang=\"pt\" dir=\"ltr\">Obrigado pai e m\u00e3e por ser meu \u00fanico p\u00fablico no show de ontem \ud83e\udd23\ud83e\udd23 (e os bombeiros) <a href=\"https:\/\/t.co\/Fph9mEplzv\">pic.twitter.com\/Fph9mEplzv<\/a><\/p>&mdash; Gabriel Smaniotto \ud83c\udfb1 (@GabriSmaniotto) <a href=\"https:\/\/twitter.com\/GabriSmaniotto\/status\/1136983056831700993?ref_src=twsrc%5Etfw\">June 7, 2019<\/a><\/blockquote><script async src=\"https:\/\/platform.twitter.com\/widgets.js\" charset=\"utf-8\"><\/script><\/div>\n<\/div><\/figure>\n\n\n\n<p>\u201cAe Gabriel, considere-se convidado a participar do meu show\u2026 Deus te aben\u00e7oe\u201d, disse Mar\u00edlia no Twitter, ao retweetar o v\u00eddeo do cantor. O gesto foi muito elogiado pelos internautas. \u201cMar\u00edlia do c\u00e9u! Que atitude linda!\u201d, comentou um. \u201cPor isso e tantas outras coisas voc\u00ea \u00e9 merecedora do sucesso absurdo que tens! Amo seu talento mas sua humildade n\u00e3o tem igual!\u201d, disse outra.<\/p>\n\n\n\n<p>Al\u00e9m de Mar\u00edlia, v\u00e1rios nomes da m\u00fasica nacional manifestaram apoio ao cantor. \u201cJ\u00e1 passei por isso muitas vezes. Fica aqui minha divulga\u00e7\u00e3o do seu trabalho, Gabriel\u201d, afirmou a atriz Tat\u00e1 Werneck. \u201cGabriel!! Nunca desista dos seus sonhos! No come\u00e7o enfrentamos muitas barreiras, mas nada vence o trabalho! Pra cima parceiro\u201d, incentivou o cantor Felipe Ara\u00fajo.<\/p>\n\n\n\n<p>E as not\u00edcias boas n\u00e3o pararam para Gabriel. Ele participou do show da dupla Fernando e Sorocaba neste domingo (9). O momento foi registrado pela cantora Maiara, namorada de Fernando. E o melhor: dessa vez, o palco estava cheio.<\/p>\n\n\n\n<p><\/p>\n\n\n\n<p>Midia em A\u00e7\u00e3o<\/p>\n","protected":false},"excerpt":{"rendered":"<p>Gabriel Smaniotto viralizou com um v\u00eddeo em que aparece tocando para uma plateia quase vazia, \u00e0 exce\u00e7\u00e3o dos pais e do Corpo de Bombeiros A&hellip; <\/p>\n","protected":false},"author":1,"featured_media":99458,"comment_status":"closed","ping_status":"closed","sticky":false,"template":"","format":"standard","meta":{"sfsi_plus_gutenberg_text_before_share":"","sfsi_plus_gutenberg_show_text_before_share":"","sfsi_plus_gutenberg_icon_type":"","sfsi_plus_gutenberg_icon_alignemt":"","sfsi_plus_gutenburg_max_per_row":"","footnotes":""},"categories":[2],"tags":[],"class_list":["post-99457","post","type-post","status-publish","format-standard","has-post-thumbnail","hentry","category-geral"],"_links":{"self":[{"href":"https:\/\/www.caririemacao.com\/1\/wp-json\/wp\/v2\/posts\/99457","targetHints":{"allow":["GET"]}}],"collection":[{"href":"https:\/\/www.caririemacao.com\/1\/wp-json\/wp\/v2\/posts"}],"about":[{"href":"https:\/\/www.caririemacao.com\/1\/wp-json\/wp\/v2\/types\/post"}],"author":[{"embeddable":true,"href":"https:\/\/www.caririemacao.com\/1\/wp-json\/wp\/v2\/users\/1"}],"replies":[{"embeddable":true,"href":"https:\/\/www.caririemacao.com\/1\/wp-json\/wp\/v2\/comments?post=99457"}],"version-history":[{"count":1,"href":"https:\/\/www.caririemacao.com\/1\/wp-json\/wp\/v2\/posts\/99457\/revisions"}],"predecessor-version":[{"id":99459,"href":"https:\/\/www.caririemacao.com\/1\/wp-json\/wp\/v2\/posts\/99457\/revisions\/99459"}],"wp:featuredmedia":[{"embeddable":true,"href":"https:\/\/www.caririemacao.com\/1\/wp-json\/wp\/v2\/media\/99458"}],"wp:attachment":[{"href":"https:\/\/www.caririemacao.com\/1\/wp-json\/wp\/v2\/media?parent=99457"}],"wp:term":[{"taxonomy":"category","embeddable":true,"href":"https:\/\/www.caririemacao.com\/1\/wp-json\/wp\/v2\/categories?post=99457"},{"taxonomy":"post_tag","embeddable":true,"href":"https:\/\/www.caririemacao.com\/1\/wp-json\/wp\/v2\/tags?post=99457"}],"curies":[{"name":"wp","href":"https:\/\/api.w.org\/{rel}","templated":true}]}}