{"id":99460,"date":"2019-06-11T17:20:31","date_gmt":"2019-06-11T20:20:31","guid":{"rendered":"http:\/\/www.caririemacao.com\/1\/?p=99460"},"modified":"2019-06-11T17:20:31","modified_gmt":"2019-06-11T20:20:31","slug":"prefeitura-de-sume-realiza-acao-no-mercado-publico-contra-o-trabalho-infantil","status":"publish","type":"post","link":"https:\/\/www.caririemacao.com\/1\/2019\/06\/11\/prefeitura-de-sume-realiza-acao-no-mercado-publico-contra-o-trabalho-infantil\/","title":{"rendered":"Prefeitura de Sum\u00e9 realiza a\u00e7\u00e3o no mercado p\u00fablico contra o trabalho infantil"},"content":{"rendered":"\n<p>A Campanha Contra o Trabalho Infantil realizou uma a\u00e7\u00e3o nesta segunda (10), no Mercado P\u00fablico durante a feira com a participa\u00e7\u00e3o das Secretarias de Sa\u00fade, Obras, Creas, Conselho Tutelar e dire\u00e7\u00e3o do mercado, com o intuito de\u00a0divulgar a Campanha Municipal de Combate ao Trabalho Infantil 2019.<\/p>\n\n\n\n<figure class=\"wp-block-image\"><img fetchpriority=\"high\" decoding=\"async\" width=\"1024\" height=\"768\" src=\"http:\/\/www.caririemacao.com\/1\/wp-content\/uploads\/2019\/06\/01-3-1024x768.jpg\" alt=\"\" class=\"wp-image-99461\" srcset=\"https:\/\/www.caririemacao.com\/1\/wp-content\/uploads\/2019\/06\/01-3-1024x768.jpg 1024w, https:\/\/www.caririemacao.com\/1\/wp-content\/uploads\/2019\/06\/01-3-300x225.jpg 300w, https:\/\/www.caririemacao.com\/1\/wp-content\/uploads\/2019\/06\/01-3-768x576.jpg 768w\" sizes=\"(max-width: 1024px) 100vw, 1024px\" \/><\/figure>\n\n\n\n<p>Durante a a\u00e7\u00e3o houve panfletagem das equipes com a popula\u00e7\u00e3o e com os feirantes que possuem boxes no mercado, lembrando da proibi\u00e7\u00e3o do trabalho de menores na feira e tamb\u00e9m que no contrato dos feirantes com o munic\u00edpio de Sum\u00e9 existe uma cl\u00e1usula que pro\u00edbe e atribui multa caso seja encontrado algum menor ou adolescente trabalhando no local, conforme diz:<\/p>\n\n\n\n<p>\u201cFica&nbsp;<strong>EXPRESSAMENTE VEDADO<\/strong>&nbsp;o trabalho de menores de 18 anos no box, ficando revogada a presente permiss\u00e3o de uso em caso de descumprimento deste item, sem preju\u00edzo de aplica\u00e7\u00e3o de multas ou outras san\u00e7\u00f5es aplic\u00e1veis ao caso.\u201d<\/p>\n\n\n\n<p>Tamb\u00e9m houve blitz informativa no com\u00e9rcio local com distribui\u00e7\u00e3o de material informativo e entrega de cartazes contra o trabalho infantil fornecido pelo Minist\u00e9rio P\u00fablico do Trabalho.<\/p>\n","protected":false},"excerpt":{"rendered":"<p>A Campanha Contra o Trabalho Infantil realizou uma a\u00e7\u00e3o nesta segunda (10), no Mercado P\u00fablico durante a feira com a participa\u00e7\u00e3o das Secretarias de Sa\u00fade,&hellip; <\/p>\n","protected":false},"author":1,"featured_media":99462,"comment_status":"closed","ping_status":"closed","sticky":false,"template":"","format":"standard","meta":{"sfsi_plus_gutenberg_text_before_share":"","sfsi_plus_gutenberg_show_text_before_share":"","sfsi_plus_gutenberg_icon_type":"","sfsi_plus_gutenberg_icon_alignemt":"","sfsi_plus_gutenburg_max_per_row":"","footnotes":""},"categories":[6],"tags":[],"class_list":["post-99460","post","type-post","status-publish","format-standard","has-post-thumbnail","hentry","category-cidades"],"_links":{"self":[{"href":"https:\/\/www.caririemacao.com\/1\/wp-json\/wp\/v2\/posts\/99460","targetHints":{"allow":["GET"]}}],"collection":[{"href":"https:\/\/www.caririemacao.com\/1\/wp-json\/wp\/v2\/posts"}],"about":[{"href":"https:\/\/www.caririemacao.com\/1\/wp-json\/wp\/v2\/types\/post"}],"author":[{"embeddable":true,"href":"https:\/\/www.caririemacao.com\/1\/wp-json\/wp\/v2\/users\/1"}],"replies":[{"embeddable":true,"href":"https:\/\/www.caririemacao.com\/1\/wp-json\/wp\/v2\/comments?post=99460"}],"version-history":[{"count":1,"href":"https:\/\/www.caririemacao.com\/1\/wp-json\/wp\/v2\/posts\/99460\/revisions"}],"predecessor-version":[{"id":99463,"href":"https:\/\/www.caririemacao.com\/1\/wp-json\/wp\/v2\/posts\/99460\/revisions\/99463"}],"wp:featuredmedia":[{"embeddable":true,"href":"https:\/\/www.caririemacao.com\/1\/wp-json\/wp\/v2\/media\/99462"}],"wp:attachment":[{"href":"https:\/\/www.caririemacao.com\/1\/wp-json\/wp\/v2\/media?parent=99460"}],"wp:term":[{"taxonomy":"category","embeddable":true,"href":"https:\/\/www.caririemacao.com\/1\/wp-json\/wp\/v2\/categories?post=99460"},{"taxonomy":"post_tag","embeddable":true,"href":"https:\/\/www.caririemacao.com\/1\/wp-json\/wp\/v2\/tags?post=99460"}],"curies":[{"name":"wp","href":"https:\/\/api.w.org\/{rel}","templated":true}]}}