{"id":99468,"date":"2019-06-11T19:05:10","date_gmt":"2019-06-11T22:05:10","guid":{"rendered":"http:\/\/www.caririemacao.com\/1\/?p=99468"},"modified":"2019-06-11T19:05:10","modified_gmt":"2019-06-11T22:05:10","slug":"mais-uma-vez-o-sao-joao-de-sume-promete-ser-uma-das-melhores-festas-juninas-da-paraiba","status":"publish","type":"post","link":"https:\/\/www.caririemacao.com\/1\/2019\/06\/11\/mais-uma-vez-o-sao-joao-de-sume-promete-ser-uma-das-melhores-festas-juninas-da-paraiba\/","title":{"rendered":"Mais uma vez o S\u00e3o Jo\u00e3o de Sum\u00e9 promete ser uma das melhores festas juninas da Para\u00edba"},"content":{"rendered":"\n<p>A cidade de Sum\u00e9 j\u00e1 entrou no clima de S\u00e3o Jo\u00e3o e a Pra\u00e7a Jos\u00e9 Am\u00e9rico est\u00e1 pronta para receber os festejos juninos do munic\u00edpio na pr\u00f3xima sexta-feira, 14, que vai at\u00e9 o dia 23 de junho.<br>\nA abertura da festa traz mais uma edi\u00e7\u00e3o da Namoradrilha com trio el\u00e9trico puxado pelo cantor Filipe Warley. A concentra\u00e7\u00e3o da Namoradrilha ser\u00e1 \u00e0s 19h, em frente ao Gin\u00e1sio de Esportes Municipal, com sa\u00edda \u00e0s 20h. O trio percorrer\u00e1 algumas ruas da cidade, culminando na pra\u00e7a Jos\u00e9 Am\u00e9rico, onde no palco principal se apresenta o cantor Ramon Schnayder. <br>\nA cada ano, a Prefeitura de Sum\u00e9, tem melhorado os investimentos e priorizado atra\u00e7\u00f5es que tragam o aut\u00eantico forr\u00f3 nordestino, tornando-se uma festa para todas as idades. <br>\nDesde 2017, o espa\u00e7o montado na Pra\u00e7a Jos\u00e9 Am\u00e9rico, \u00e9 organizado para levar mais conforto e seguran\u00e7a \u00e0 popula\u00e7\u00e3o. O refor\u00e7o policial tamb\u00e9m \u00e9 solicitado pela Prefeitura devido ao grande fluxo de pessoas que se concentram na cidade nos dias de festas.<br>\nEste ano, a apresenta\u00e7\u00e3o das quadrilhas juninas se concentram nos bairros, que al\u00e9m de priorizar o espa\u00e7o do Arraial Z\u00e9 Marcolino leva anima\u00e7\u00e3o para outros locais da cidade.<br>\nAs barracas do Arraial recebem todas as noites um grande p\u00fablico, onde s\u00e3o vendidas comidas e bebidas ao som dos trios de forr\u00f3 p\u00e9 de serra. Estas vendas de produtos t\u00edpicos movimentam a economia da cidade, sendo uma \u00e9poca que aquece tamb\u00e9m o com\u00e9rcio de vestu\u00e1rios e acess\u00f3rios, de vendedores ambulantes, restaurantes e bares.<br>\nA expectativa dos organizadores da festa \u00e9 de que mais uma vez o S\u00e3o Jo\u00e3o de Sum\u00e9 seja um sucesso, que j\u00e1 \u00e9 considerado o melhor e mais animado da regi\u00e3o do Cariri Paraibano.<br>\nAscom<\/p>\n","protected":false},"excerpt":{"rendered":"<p>A cidade de Sum\u00e9 j\u00e1 entrou no clima de S\u00e3o Jo\u00e3o e a Pra\u00e7a Jos\u00e9 Am\u00e9rico est\u00e1 pronta para receber os festejos juninos do munic\u00edpio&hellip; <\/p>\n","protected":false},"author":1,"featured_media":99469,"comment_status":"closed","ping_status":"closed","sticky":false,"template":"","format":"standard","meta":{"sfsi_plus_gutenberg_text_before_share":"","sfsi_plus_gutenberg_show_text_before_share":"","sfsi_plus_gutenberg_icon_type":"","sfsi_plus_gutenberg_icon_alignemt":"","sfsi_plus_gutenburg_max_per_row":"","footnotes":""},"categories":[6,50],"tags":[],"class_list":["post-99468","post","type-post","status-publish","format-standard","has-post-thumbnail","hentry","category-cidades","category-destaque"],"_links":{"self":[{"href":"https:\/\/www.caririemacao.com\/1\/wp-json\/wp\/v2\/posts\/99468","targetHints":{"allow":["GET"]}}],"collection":[{"href":"https:\/\/www.caririemacao.com\/1\/wp-json\/wp\/v2\/posts"}],"about":[{"href":"https:\/\/www.caririemacao.com\/1\/wp-json\/wp\/v2\/types\/post"}],"author":[{"embeddable":true,"href":"https:\/\/www.caririemacao.com\/1\/wp-json\/wp\/v2\/users\/1"}],"replies":[{"embeddable":true,"href":"https:\/\/www.caririemacao.com\/1\/wp-json\/wp\/v2\/comments?post=99468"}],"version-history":[{"count":1,"href":"https:\/\/www.caririemacao.com\/1\/wp-json\/wp\/v2\/posts\/99468\/revisions"}],"predecessor-version":[{"id":99470,"href":"https:\/\/www.caririemacao.com\/1\/wp-json\/wp\/v2\/posts\/99468\/revisions\/99470"}],"wp:featuredmedia":[{"embeddable":true,"href":"https:\/\/www.caririemacao.com\/1\/wp-json\/wp\/v2\/media\/99469"}],"wp:attachment":[{"href":"https:\/\/www.caririemacao.com\/1\/wp-json\/wp\/v2\/media?parent=99468"}],"wp:term":[{"taxonomy":"category","embeddable":true,"href":"https:\/\/www.caririemacao.com\/1\/wp-json\/wp\/v2\/categories?post=99468"},{"taxonomy":"post_tag","embeddable":true,"href":"https:\/\/www.caririemacao.com\/1\/wp-json\/wp\/v2\/tags?post=99468"}],"curies":[{"name":"wp","href":"https:\/\/api.w.org\/{rel}","templated":true}]}}