{"id":99488,"date":"2019-06-11T19:34:05","date_gmt":"2019-06-11T22:34:05","guid":{"rendered":"http:\/\/www.caririemacao.com\/1\/?p=99488"},"modified":"2019-06-11T19:34:05","modified_gmt":"2019-06-11T22:34:05","slug":"ricardo-coutinho-diz-que-lula-tem-que-ser-posto-em-liberdade-imediatamente","status":"publish","type":"post","link":"https:\/\/www.caririemacao.com\/1\/2019\/06\/11\/ricardo-coutinho-diz-que-lula-tem-que-ser-posto-em-liberdade-imediatamente\/","title":{"rendered":"Ricardo Coutinho diz que Lula tem que ser posto em liberdade \u201cimediatamente\u201d"},"content":{"rendered":"\n<p>Lula deve ser colocado em liberdade imediatamente. \u00c9 este o pensamento do ex-governador da Para\u00edba, Ricardo Coutinho (PSB), ap\u00f3s o vazamento de conversas entre o ministro da Justi\u00e7a S\u00e9rgio Moro e procurador da Rep\u00fablica Deltan Dallagnol, chefe da For\u00e7a Tarefa da Lava Jato. Os di\u00e1logos remetem ao tempo em que Moro era juiz federal e era respons\u00e1vel pelo julgamento do ex-presidente no caso Tr\u00edplex.<\/p>\n\n\n\n<p>\u201cEvidentemente que um julgamento como este transmitido ao vivo pelos ve\u00edculos de comunica\u00e7\u00e3o, n\u00e3o pode ser considerado um julgamento. O presidente Lula tem que ter o seu direito n\u00e3o de ex-presidente, mas de cidad\u00e3o respeitado e colocado imediatamente em liberdade. Ningu\u00e9m pode ser preso sem provas concretas, s\u00f3 por \u2018ouvi dizer\u2019\u201d, afirmou.<\/p>\n\n\n\n<p>De acordo com Ricardo, o que houve foi uma manipula\u00e7\u00e3o do sistema judici\u00e1rio e que corrigir tais pr\u00e1tica \u00e9 de interesse, inclusive, do pr\u00f3prio Poder Judici\u00e1rio que, para o socialista, n\u00e3o pode ser maculado por \u201cuns ou poucos ju\u00edzes\u201d.<\/p>\n\n\n\n<p>\u201cNingu\u00e9m pode manipular o sistema judici\u00e1rio para prejudicar quem quer que seja. E eu estou dizendo isso em defesa do Judici\u00e1rio, do Minist\u00e9rio P\u00fablico porque n\u00e3o podemos confundir a atitude ilegal de uns ju\u00edzes ou poucos ju\u00edzes e procuradores com um universo de gente que tem feito um trabalho extraordin\u00e1rio e que eu creio, sinceramente, que isso que aconteceu n\u00e3o atrapalha o combate \u00e0 corrup\u00e7\u00e3o, que \u00e9 uma necessidade do povo brasileiro\u201d, observou.<\/p>\n","protected":false},"excerpt":{"rendered":"<p>Lula deve ser colocado em liberdade imediatamente. \u00c9 este o pensamento do ex-governador da Para\u00edba, Ricardo Coutinho (PSB), ap\u00f3s o vazamento de conversas entre o&hellip; <\/p>\n","protected":false},"author":1,"featured_media":47067,"comment_status":"closed","ping_status":"closed","sticky":false,"template":"","format":"standard","meta":{"sfsi_plus_gutenberg_text_before_share":"","sfsi_plus_gutenberg_show_text_before_share":"","sfsi_plus_gutenberg_icon_type":"","sfsi_plus_gutenberg_icon_alignemt":"","sfsi_plus_gutenburg_max_per_row":"","footnotes":""},"categories":[11],"tags":[],"class_list":["post-99488","post","type-post","status-publish","format-standard","has-post-thumbnail","hentry","category-politica"],"_links":{"self":[{"href":"https:\/\/www.caririemacao.com\/1\/wp-json\/wp\/v2\/posts\/99488","targetHints":{"allow":["GET"]}}],"collection":[{"href":"https:\/\/www.caririemacao.com\/1\/wp-json\/wp\/v2\/posts"}],"about":[{"href":"https:\/\/www.caririemacao.com\/1\/wp-json\/wp\/v2\/types\/post"}],"author":[{"embeddable":true,"href":"https:\/\/www.caririemacao.com\/1\/wp-json\/wp\/v2\/users\/1"}],"replies":[{"embeddable":true,"href":"https:\/\/www.caririemacao.com\/1\/wp-json\/wp\/v2\/comments?post=99488"}],"version-history":[{"count":1,"href":"https:\/\/www.caririemacao.com\/1\/wp-json\/wp\/v2\/posts\/99488\/revisions"}],"predecessor-version":[{"id":99489,"href":"https:\/\/www.caririemacao.com\/1\/wp-json\/wp\/v2\/posts\/99488\/revisions\/99489"}],"wp:featuredmedia":[{"embeddable":true,"href":"https:\/\/www.caririemacao.com\/1\/wp-json\/wp\/v2\/media\/47067"}],"wp:attachment":[{"href":"https:\/\/www.caririemacao.com\/1\/wp-json\/wp\/v2\/media?parent=99488"}],"wp:term":[{"taxonomy":"category","embeddable":true,"href":"https:\/\/www.caririemacao.com\/1\/wp-json\/wp\/v2\/categories?post=99488"},{"taxonomy":"post_tag","embeddable":true,"href":"https:\/\/www.caririemacao.com\/1\/wp-json\/wp\/v2\/tags?post=99488"}],"curies":[{"name":"wp","href":"https:\/\/api.w.org\/{rel}","templated":true}]}}