{"id":99494,"date":"2019-06-12T07:02:40","date_gmt":"2019-06-12T10:02:40","guid":{"rendered":"http:\/\/www.caririemacao.com\/1\/?p=99494"},"modified":"2019-06-12T07:02:40","modified_gmt":"2019-06-12T10:02:40","slug":"moto-e-tomada-por-assalto-na-br-110-em-monteiro","status":"publish","type":"post","link":"https:\/\/www.caririemacao.com\/1\/2019\/06\/12\/moto-e-tomada-por-assalto-na-br-110-em-monteiro\/","title":{"rendered":"Moto \u00e9 tomada por assalto na BR-110 em Monteiro"},"content":{"rendered":"\n<p>Mais uma moto foi tomada de assalto na noite desta ter\u00e7a-feira (11) em Monteiro no Cariri Paraibano.<br>Desta vez, a v\u00edtima foi o propriet\u00e1rio do Sal\u00e3o Vip Cabelos.<br>De acordo com informa\u00e7\u00f5es, dois bandidos armados em uma moto, interceptaram a v\u00edtima que seguia viajem mais sua esposa na BR-110, pr\u00f3ximo \u00e0 Vila Lafayete, levando sua moto Honda Bros, placa OGB-5410, Cor preta\/amarelo, modelo 2012.Al\u00e9m da motocicleta os bandidos ainda levaram todos seus pertences.\u00a0<br>INFORMA\u00c7\u00d5ES: (83) 99176-5570<br><\/p>\n\n\n\n<p>Com HORA1PB<\/p>\n","protected":false},"excerpt":{"rendered":"<p>Mais uma moto foi tomada de assalto na noite desta ter\u00e7a-feira (11) em Monteiro no Cariri Paraibano.Desta vez, a v\u00edtima foi o propriet\u00e1rio do Sal\u00e3o&hellip; <\/p>\n","protected":false},"author":1,"featured_media":99495,"comment_status":"closed","ping_status":"closed","sticky":false,"template":"","format":"standard","meta":{"sfsi_plus_gutenberg_text_before_share":"","sfsi_plus_gutenberg_show_text_before_share":"","sfsi_plus_gutenberg_icon_type":"","sfsi_plus_gutenberg_icon_alignemt":"","sfsi_plus_gutenburg_max_per_row":"","footnotes":""},"categories":[50,12],"tags":[],"class_list":["post-99494","post","type-post","status-publish","format-standard","has-post-thumbnail","hentry","category-destaque","category-policia"],"_links":{"self":[{"href":"https:\/\/www.caririemacao.com\/1\/wp-json\/wp\/v2\/posts\/99494","targetHints":{"allow":["GET"]}}],"collection":[{"href":"https:\/\/www.caririemacao.com\/1\/wp-json\/wp\/v2\/posts"}],"about":[{"href":"https:\/\/www.caririemacao.com\/1\/wp-json\/wp\/v2\/types\/post"}],"author":[{"embeddable":true,"href":"https:\/\/www.caririemacao.com\/1\/wp-json\/wp\/v2\/users\/1"}],"replies":[{"embeddable":true,"href":"https:\/\/www.caririemacao.com\/1\/wp-json\/wp\/v2\/comments?post=99494"}],"version-history":[{"count":1,"href":"https:\/\/www.caririemacao.com\/1\/wp-json\/wp\/v2\/posts\/99494\/revisions"}],"predecessor-version":[{"id":99496,"href":"https:\/\/www.caririemacao.com\/1\/wp-json\/wp\/v2\/posts\/99494\/revisions\/99496"}],"wp:featuredmedia":[{"embeddable":true,"href":"https:\/\/www.caririemacao.com\/1\/wp-json\/wp\/v2\/media\/99495"}],"wp:attachment":[{"href":"https:\/\/www.caririemacao.com\/1\/wp-json\/wp\/v2\/media?parent=99494"}],"wp:term":[{"taxonomy":"category","embeddable":true,"href":"https:\/\/www.caririemacao.com\/1\/wp-json\/wp\/v2\/categories?post=99494"},{"taxonomy":"post_tag","embeddable":true,"href":"https:\/\/www.caririemacao.com\/1\/wp-json\/wp\/v2\/tags?post=99494"}],"curies":[{"name":"wp","href":"https:\/\/api.w.org\/{rel}","templated":true}]}}