{"id":99498,"date":"2019-06-12T07:05:31","date_gmt":"2019-06-12T10:05:31","guid":{"rendered":"http:\/\/www.caririemacao.com\/1\/?p=99498"},"modified":"2019-06-12T07:05:31","modified_gmt":"2019-06-12T10:05:31","slug":"congresso-aprova-credito-suplementar-dr-r-2489-bilhoes","status":"publish","type":"post","link":"https:\/\/www.caririemacao.com\/1\/2019\/06\/12\/congresso-aprova-credito-suplementar-dr-r-2489-bilhoes\/","title":{"rendered":"Congresso aprova cr\u00e9dito suplementar dr R$ 248,9 bilh\u00f5es"},"content":{"rendered":"\n<p>O Congresso aprovou por unanimidade nesta ter\u00e7a-feira, 11, a autoriza\u00e7\u00e3o de um cr\u00e9dito suplementar de R$ 248,9 bilh\u00f5es solicitada pelo governo. A aprova\u00e7\u00e3o aconteceu ap\u00f3s as vota\u00e7\u00f5es da C\u00e2mara e do Senado.<\/p>\n\n\n\n<p>Os 450 deputados presentes no Congresso tamb\u00e9m haviam aprovado a medida por unanimidade na noite desta ter\u00e7a. Os senadores, em seguida, deram 61 votos a favor da medida.<\/p>\n\n\n\n<p>O cr\u00e9dito extra evita o descumprimento da chamada regra de ouro do Or\u00e7amento \u2013 mecanismo previsto na Constitui\u00e7\u00e3o que impede ao governo contratar d\u00edvidas para pagar despesas correntes, como sal\u00e1rios e benef\u00edcios sociais. De acordo com o governo, sem a aprova\u00e7\u00e3o do projeto, os pagamentos do Benef\u00edcio de Presta\u00e7\u00e3o Continuada (BPC) seriam interrompidos neste m\u00eas e os do Bolsa Fam\u00edlia, em setembro.<\/p>\n\n\n\n<p>Acordo com o governo<\/p>\n\n\n\n<p>A vota\u00e7\u00e3o s\u00f3 foi poss\u00edvel depois de acordo dos l\u00edderes partid\u00e1rios na CMO com o governo, que se comprometeu a rever parte do contingenciamento de despesas determinado em mar\u00e7o e que alcan\u00e7ou quase R$ 35 bilh\u00f5es. Os deputados Carlos Zarattini (PT-SP) e Orlando Silva (PCdoB-SP) cobraram mais recursos para a educa\u00e7\u00e3o, al\u00e9m de verbas para a sa\u00fade e para a habita\u00e7\u00e3o.&nbsp;<\/p>\n\n\n\n<p>A l\u00edder do governo no Congresso, deputada Joice Hasselmann (PSL-SP), anunciou que, com o acordo, o governo retomar\u00e1 repasses de R$ 1 bilh\u00e3o para o Programa Minha Casa, Minha Vida; de R$ 330 milh\u00f5es para bolsas de pesquisa cient\u00edfica; e de R$ 550 milh\u00f5es para obras da transposi\u00e7\u00e3o do rio S\u00e3o Francisco. Ela tamb\u00e9m assegurou que as universidades e os institutos federais ter\u00e3o R$ 1 bilh\u00e3o liberados e n\u00e3o correr\u00e3o risco de ter as atividades b\u00e1sicas suspensas neste ano.<\/p>\n","protected":false},"excerpt":{"rendered":"<p>O Congresso aprovou por unanimidade nesta ter\u00e7a-feira, 11, a autoriza\u00e7\u00e3o de um cr\u00e9dito suplementar de R$ 248,9 bilh\u00f5es solicitada pelo governo. A aprova\u00e7\u00e3o aconteceu ap\u00f3s&hellip; <\/p>\n","protected":false},"author":1,"featured_media":83964,"comment_status":"closed","ping_status":"closed","sticky":false,"template":"","format":"standard","meta":{"sfsi_plus_gutenberg_text_before_share":"","sfsi_plus_gutenberg_show_text_before_share":"","sfsi_plus_gutenberg_icon_type":"","sfsi_plus_gutenberg_icon_alignemt":"","sfsi_plus_gutenburg_max_per_row":"","footnotes":""},"categories":[11],"tags":[],"class_list":["post-99498","post","type-post","status-publish","format-standard","has-post-thumbnail","hentry","category-politica"],"_links":{"self":[{"href":"https:\/\/www.caririemacao.com\/1\/wp-json\/wp\/v2\/posts\/99498","targetHints":{"allow":["GET"]}}],"collection":[{"href":"https:\/\/www.caririemacao.com\/1\/wp-json\/wp\/v2\/posts"}],"about":[{"href":"https:\/\/www.caririemacao.com\/1\/wp-json\/wp\/v2\/types\/post"}],"author":[{"embeddable":true,"href":"https:\/\/www.caririemacao.com\/1\/wp-json\/wp\/v2\/users\/1"}],"replies":[{"embeddable":true,"href":"https:\/\/www.caririemacao.com\/1\/wp-json\/wp\/v2\/comments?post=99498"}],"version-history":[{"count":1,"href":"https:\/\/www.caririemacao.com\/1\/wp-json\/wp\/v2\/posts\/99498\/revisions"}],"predecessor-version":[{"id":99499,"href":"https:\/\/www.caririemacao.com\/1\/wp-json\/wp\/v2\/posts\/99498\/revisions\/99499"}],"wp:featuredmedia":[{"embeddable":true,"href":"https:\/\/www.caririemacao.com\/1\/wp-json\/wp\/v2\/media\/83964"}],"wp:attachment":[{"href":"https:\/\/www.caririemacao.com\/1\/wp-json\/wp\/v2\/media?parent=99498"}],"wp:term":[{"taxonomy":"category","embeddable":true,"href":"https:\/\/www.caririemacao.com\/1\/wp-json\/wp\/v2\/categories?post=99498"},{"taxonomy":"post_tag","embeddable":true,"href":"https:\/\/www.caririemacao.com\/1\/wp-json\/wp\/v2\/tags?post=99498"}],"curies":[{"name":"wp","href":"https:\/\/api.w.org\/{rel}","templated":true}]}}