{"id":99507,"date":"2019-06-12T07:09:34","date_gmt":"2019-06-12T10:09:34","guid":{"rendered":"http:\/\/www.caririemacao.com\/1\/?p=99507"},"modified":"2019-06-12T07:09:34","modified_gmt":"2019-06-12T10:09:34","slug":"sisu-selecionados-podem-fazer-matricula-a-partir-de-hoje","status":"publish","type":"post","link":"https:\/\/www.caririemacao.com\/1\/2019\/06\/12\/sisu-selecionados-podem-fazer-matricula-a-partir-de-hoje\/","title":{"rendered":"Sisu: selecionados podem fazer matr\u00edcula a partir de hoje"},"content":{"rendered":"\n<p>Os estudantes selecionados na chamada regular do Sistema de Sele\u00e7\u00e3o Unificada (Sisu) podem, a partir de hoje (12), fazer matr\u00edcula nas institui\u00e7\u00f5es de ensino para as quais foram selecionados. O prazo vai at\u00e9 o dia 17. Cabe aos candidatos verificar os dias, hor\u00e1rios e locais de atendimento definidos por cada institui\u00e7\u00e3o em edital pr\u00f3prio.<\/p>\n\n\n\n<p>O resultado da chamada \u00fanica do Sisu foi divulgado segunda-feira (10) e est\u00e1 dispon\u00edvel no&nbsp;<a href=\"http:\/\/sisu.mec.gov.br\/\" target=\"_blank\" rel=\"noreferrer noopener\"><em>site<\/em>&nbsp;do programa<\/a>.<\/p>\n\n\n\n<p>Os estudantes selecionados podem&nbsp;pleitear aux\u00edlio para pagar transporte, moradia e outras despesas nas pr\u00f3prias institui\u00e7\u00f5es de ensino superior, de acordo com determinados crit\u00e9rios, como renda familiar.&nbsp;Os&nbsp;programas de assist\u00eancia estudantil s\u00e3o implementados diretamente&nbsp;pelas institui\u00e7\u00f5es.<\/p>\n\n\n\n<p><strong>Lista de espera<\/strong><\/p>\n\n\n\n<p>As vagas que n\u00e3o forem preenchidas ser\u00e3o ofertadas para os estudantes em lista de espera. Quem n\u00e3o foi selecionado&nbsp;em nenhuma das duas op\u00e7\u00f5es de curso feitas na hora da inscri\u00e7\u00e3o&nbsp;na chamada \u00fanica e quiser integrar a lista tem at\u00e9 o dia 17 para fazer a ades\u00e3o, no<em>&nbsp;site<\/em>&nbsp;do Sisu.<\/p>\n\n\n\n<p>O candidato deve acessar o sistema e, em seu boletim, clicar no bot\u00e3o que corresponde \u00e0 confirma\u00e7\u00e3o de interesse em participar da lista de espera do Sisu. O estudante poder\u00e1 manifestar interesse para a primeira ou segunda op\u00e7\u00e3o de curso. Ao finalizar a manifesta\u00e7\u00e3o, o sistema emitir\u00e1 uma mensagem de confirma\u00e7\u00e3o.<\/p>\n\n\n\n<p>Esses&nbsp;estudantes ser\u00e3o convocados a partir do dia 19. A convoca\u00e7\u00e3o para a matr\u00edcula ser\u00e1 feita pelas pr\u00f3prias institui\u00e7\u00f5es de ensino. Nessa etapa caber\u00e1 aos pr\u00f3prios candidatos acompanhar a convoca\u00e7\u00e3o na institui\u00e7\u00e3o na qual estiverem pleiteando uma vaga.<\/p>\n\n\n\n<p><strong>Sisu 2019<\/strong><\/p>\n\n\n\n<p>Nesta edi\u00e7\u00e3o, o Sisu&nbsp;oferece 59.028 vagas em 76 institui\u00e7\u00f5es p\u00fablicas de ensino em todo o pa\u00eds.&nbsp;A sele\u00e7\u00e3o \u00e9 feita com base no desempenho no Exame Nacional do Ensino M\u00e9dio (Enem) de 2018. Para participar \u00e9 preciso ter obtido nota acima de zero na reda\u00e7\u00e3o do exame. Ao todo, 640.205 estudantes se inscreveram no programa, de acordo com balan\u00e7o divulgado pelo MEC.<\/p>\n\n\n\n<p><strong>Ag\u00eancia Brasil&nbsp;<\/strong><\/p>\n","protected":false},"excerpt":{"rendered":"<p>Os estudantes selecionados na chamada regular do Sistema de Sele\u00e7\u00e3o Unificada (Sisu) podem, a partir de hoje (12), fazer matr\u00edcula nas institui\u00e7\u00f5es de ensino para&hellip; <\/p>\n","protected":false},"author":1,"featured_media":36846,"comment_status":"closed","ping_status":"closed","sticky":false,"template":"","format":"standard","meta":{"sfsi_plus_gutenberg_text_before_share":"","sfsi_plus_gutenberg_show_text_before_share":"","sfsi_plus_gutenberg_icon_type":"","sfsi_plus_gutenberg_icon_alignemt":"","sfsi_plus_gutenburg_max_per_row":"","footnotes":""},"categories":[14],"tags":[],"class_list":["post-99507","post","type-post","status-publish","format-standard","has-post-thumbnail","hentry","category-educacao"],"_links":{"self":[{"href":"https:\/\/www.caririemacao.com\/1\/wp-json\/wp\/v2\/posts\/99507","targetHints":{"allow":["GET"]}}],"collection":[{"href":"https:\/\/www.caririemacao.com\/1\/wp-json\/wp\/v2\/posts"}],"about":[{"href":"https:\/\/www.caririemacao.com\/1\/wp-json\/wp\/v2\/types\/post"}],"author":[{"embeddable":true,"href":"https:\/\/www.caririemacao.com\/1\/wp-json\/wp\/v2\/users\/1"}],"replies":[{"embeddable":true,"href":"https:\/\/www.caririemacao.com\/1\/wp-json\/wp\/v2\/comments?post=99507"}],"version-history":[{"count":1,"href":"https:\/\/www.caririemacao.com\/1\/wp-json\/wp\/v2\/posts\/99507\/revisions"}],"predecessor-version":[{"id":99508,"href":"https:\/\/www.caririemacao.com\/1\/wp-json\/wp\/v2\/posts\/99507\/revisions\/99508"}],"wp:featuredmedia":[{"embeddable":true,"href":"https:\/\/www.caririemacao.com\/1\/wp-json\/wp\/v2\/media\/36846"}],"wp:attachment":[{"href":"https:\/\/www.caririemacao.com\/1\/wp-json\/wp\/v2\/media?parent=99507"}],"wp:term":[{"taxonomy":"category","embeddable":true,"href":"https:\/\/www.caririemacao.com\/1\/wp-json\/wp\/v2\/categories?post=99507"},{"taxonomy":"post_tag","embeddable":true,"href":"https:\/\/www.caririemacao.com\/1\/wp-json\/wp\/v2\/tags?post=99507"}],"curies":[{"name":"wp","href":"https:\/\/api.w.org\/{rel}","templated":true}]}}