{"id":99513,"date":"2019-06-12T07:14:41","date_gmt":"2019-06-12T10:14:41","guid":{"rendered":"http:\/\/www.caririemacao.com\/1\/?p=99513"},"modified":"2019-06-12T07:14:41","modified_gmt":"2019-06-12T10:14:41","slug":"corpo-de-bombeiros-da-pb-publica-edital-para-cfo-com-10-vagas","status":"publish","type":"post","link":"https:\/\/www.caririemacao.com\/1\/2019\/06\/12\/corpo-de-bombeiros-da-pb-publica-edital-para-cfo-com-10-vagas\/","title":{"rendered":"Corpo de Bombeiros da PB publica edital para CFO com 10 vagas"},"content":{"rendered":"\n<p>O Corpo de Bombeiros Militar da Para\u00edba publicou, nesta quarta-feira (12), o edital da sele\u00e7\u00e3o, com 10 vagas, para o Curso de Forma\u00e7\u00f5es de Oficiais (CFO) 2020. As inscri\u00e7\u00f5es devem ser realizadas no&nbsp;<a href=\"https:\/\/www.bombeiros.pb.gov.br\/\">site oficial<\/a>&nbsp;da institui\u00e7\u00e3o a partir do pr\u00f3ximo 3 de julho at\u00e9 o dia 24 do mesmo m\u00eas. As taxas custam R$ 50 e devem ser pagas at\u00e9 o dia 29 de julho.<\/p>\n\n\n\n<p>A informa\u00e7\u00e3o est\u00e1 na&nbsp;<a href=\"https:\/\/auniao.pb.gov.br\/servicos\/arquivo-digital\/doe\/2019\/junho\/diario-oficial-12-06-2019.pdf\"><strong>p\u00e1gina 9<\/strong><\/a>&nbsp;da edi\u00e7\u00e3o de hoje do Di\u00e1rio Oficial do Estado.<\/p>\n\n\n\n<p>A remunera\u00e7\u00e3o come\u00e7a com R$ 2.924,89, no primeiro ano como cadete, e chega at\u00e9 R$ 7.253,26 para 2\u00ba tenente do Corpo de Bombeiros. \u00c9 obrigat\u00f3rio ter o ensino m\u00e9dio de escolaridade.<\/p>\n\n\n\n<p>Os interessados devem estar inscritos no Exame Nacional do Ensino M\u00e9dio 2019 (Enem 2019), al\u00e9m de outros requisitos que est\u00e3o dispon\u00edveis no edital. Entre as exig\u00eancias est\u00e3o a idade entre 18 e 32 anos no ano de 2020, a altura m\u00ednima de 1,65 m para homens e 1,60 m para mulheres e ser aprovado em todas as etapas do concurso.<\/p>\n\n\n\n<p><strong>MaisPB<\/strong><\/p>\n","protected":false},"excerpt":{"rendered":"<p>O Corpo de Bombeiros Militar da Para\u00edba publicou, nesta quarta-feira (12), o edital da sele\u00e7\u00e3o, com 10 vagas, para o Curso de Forma\u00e7\u00f5es de Oficiais&hellip; <\/p>\n","protected":false},"author":1,"featured_media":99514,"comment_status":"closed","ping_status":"closed","sticky":false,"template":"","format":"standard","meta":{"sfsi_plus_gutenberg_text_before_share":"","sfsi_plus_gutenberg_show_text_before_share":"","sfsi_plus_gutenberg_icon_type":"","sfsi_plus_gutenberg_icon_alignemt":"","sfsi_plus_gutenburg_max_per_row":"","footnotes":""},"categories":[50,2],"tags":[],"class_list":["post-99513","post","type-post","status-publish","format-standard","has-post-thumbnail","hentry","category-destaque","category-geral"],"_links":{"self":[{"href":"https:\/\/www.caririemacao.com\/1\/wp-json\/wp\/v2\/posts\/99513","targetHints":{"allow":["GET"]}}],"collection":[{"href":"https:\/\/www.caririemacao.com\/1\/wp-json\/wp\/v2\/posts"}],"about":[{"href":"https:\/\/www.caririemacao.com\/1\/wp-json\/wp\/v2\/types\/post"}],"author":[{"embeddable":true,"href":"https:\/\/www.caririemacao.com\/1\/wp-json\/wp\/v2\/users\/1"}],"replies":[{"embeddable":true,"href":"https:\/\/www.caririemacao.com\/1\/wp-json\/wp\/v2\/comments?post=99513"}],"version-history":[{"count":1,"href":"https:\/\/www.caririemacao.com\/1\/wp-json\/wp\/v2\/posts\/99513\/revisions"}],"predecessor-version":[{"id":99515,"href":"https:\/\/www.caririemacao.com\/1\/wp-json\/wp\/v2\/posts\/99513\/revisions\/99515"}],"wp:featuredmedia":[{"embeddable":true,"href":"https:\/\/www.caririemacao.com\/1\/wp-json\/wp\/v2\/media\/99514"}],"wp:attachment":[{"href":"https:\/\/www.caririemacao.com\/1\/wp-json\/wp\/v2\/media?parent=99513"}],"wp:term":[{"taxonomy":"category","embeddable":true,"href":"https:\/\/www.caririemacao.com\/1\/wp-json\/wp\/v2\/categories?post=99513"},{"taxonomy":"post_tag","embeddable":true,"href":"https:\/\/www.caririemacao.com\/1\/wp-json\/wp\/v2\/tags?post=99513"}],"curies":[{"name":"wp","href":"https:\/\/api.w.org\/{rel}","templated":true}]}}