{"id":99520,"date":"2019-06-12T15:53:17","date_gmt":"2019-06-12T18:53:17","guid":{"rendered":"http:\/\/www.caririemacao.com\/1\/?p=99520"},"modified":"2019-06-12T15:53:17","modified_gmt":"2019-06-12T18:53:17","slug":"procon-de-sume-define-com-taxistas-valor-a-ser-cobrado-por-corrida-no-periodo-das-festas-juninas-do-municipio","status":"publish","type":"post","link":"https:\/\/www.caririemacao.com\/1\/2019\/06\/12\/procon-de-sume-define-com-taxistas-valor-a-ser-cobrado-por-corrida-no-periodo-das-festas-juninas-do-municipio\/","title":{"rendered":"Procon de Sum\u00e9 define com taxistas valor a ser cobrado por corrida no per\u00edodo das festas juninas do munic\u00edpio"},"content":{"rendered":"\n<p>O Procon de Sum\u00e9 formalizou com os taxistas do munic\u00edpio um Termo de Ajustamento de Conduta (TAC) sobre o valor da tarifa a ser cobrada pelos motoristas nas corridas feitas no per\u00edodo das festas juninas. O valor definido ficou ao pre\u00e7o de R$ 10,00 no percurso centro-bairro ou bairro-centro.<\/p>\n\n\n\n<p>J\u00e1 no percurso onde o deslocamento \u00e9 do centro para mais de um bairro, ou o contr\u00e1rio, a corrida fica ao pre\u00e7o de R$ 15,00, ficando assim proibido cobrar qualquer valor que seja acima do estipulado.<\/p>\n\n\n\n<p>No mesmo documento tamb\u00e9m ficou definido o local onde os taxistas ficar\u00e3o a postos no evento.&nbsp;&nbsp;&nbsp;&nbsp;&nbsp;<\/p>\n\n\n\n<p>Ascom<\/p>\n","protected":false},"excerpt":{"rendered":"<p>O Procon de Sum\u00e9 formalizou com os taxistas do munic\u00edpio um Termo de Ajustamento de Conduta (TAC) sobre o valor da tarifa a ser cobrada&hellip; <\/p>\n","protected":false},"author":1,"featured_media":85655,"comment_status":"closed","ping_status":"closed","sticky":false,"template":"","format":"standard","meta":{"sfsi_plus_gutenberg_text_before_share":"","sfsi_plus_gutenberg_show_text_before_share":"","sfsi_plus_gutenberg_icon_type":"","sfsi_plus_gutenberg_icon_alignemt":"","sfsi_plus_gutenburg_max_per_row":"","footnotes":""},"categories":[6],"tags":[],"class_list":["post-99520","post","type-post","status-publish","format-standard","has-post-thumbnail","hentry","category-cidades"],"_links":{"self":[{"href":"https:\/\/www.caririemacao.com\/1\/wp-json\/wp\/v2\/posts\/99520","targetHints":{"allow":["GET"]}}],"collection":[{"href":"https:\/\/www.caririemacao.com\/1\/wp-json\/wp\/v2\/posts"}],"about":[{"href":"https:\/\/www.caririemacao.com\/1\/wp-json\/wp\/v2\/types\/post"}],"author":[{"embeddable":true,"href":"https:\/\/www.caririemacao.com\/1\/wp-json\/wp\/v2\/users\/1"}],"replies":[{"embeddable":true,"href":"https:\/\/www.caririemacao.com\/1\/wp-json\/wp\/v2\/comments?post=99520"}],"version-history":[{"count":1,"href":"https:\/\/www.caririemacao.com\/1\/wp-json\/wp\/v2\/posts\/99520\/revisions"}],"predecessor-version":[{"id":99521,"href":"https:\/\/www.caririemacao.com\/1\/wp-json\/wp\/v2\/posts\/99520\/revisions\/99521"}],"wp:featuredmedia":[{"embeddable":true,"href":"https:\/\/www.caririemacao.com\/1\/wp-json\/wp\/v2\/media\/85655"}],"wp:attachment":[{"href":"https:\/\/www.caririemacao.com\/1\/wp-json\/wp\/v2\/media?parent=99520"}],"wp:term":[{"taxonomy":"category","embeddable":true,"href":"https:\/\/www.caririemacao.com\/1\/wp-json\/wp\/v2\/categories?post=99520"},{"taxonomy":"post_tag","embeddable":true,"href":"https:\/\/www.caririemacao.com\/1\/wp-json\/wp\/v2\/tags?post=99520"}],"curies":[{"name":"wp","href":"https:\/\/api.w.org\/{rel}","templated":true}]}}