{"id":99524,"date":"2019-06-12T15:55:05","date_gmt":"2019-06-12T18:55:05","guid":{"rendered":"http:\/\/www.caririemacao.com\/1\/?p=99524"},"modified":"2019-06-12T15:55:05","modified_gmt":"2019-06-12T18:55:05","slug":"tjpb-mantem-condenacao-contra-edna-henrique-e-ex-prefeita-tera-que-pagar-multa-por-contratacao-indevida","status":"publish","type":"post","link":"https:\/\/www.caririemacao.com\/1\/2019\/06\/12\/tjpb-mantem-condenacao-contra-edna-henrique-e-ex-prefeita-tera-que-pagar-multa-por-contratacao-indevida\/","title":{"rendered":"TJPB mant\u00e9m condena\u00e7\u00e3o contra Edna Henrique e ex-prefeita ter\u00e1 que pagar multa por contrata\u00e7\u00e3o indevida"},"content":{"rendered":"\n<p>Mantida a condena\u00e7\u00e3o da ex-prefeita do Munic\u00edpio de Monteiro e atual deputada federal, Edna Henrique (PSDB), ao pagamento de multa civil de R$ 180 mil, em virtude de contrata\u00e7\u00e3o de prestadores de servi\u00e7os, sem a devida realiza\u00e7\u00e3o de concurso p\u00fablico. Esta foi a decis\u00e3o da Segunda Se\u00e7\u00e3o Especializada C\u00edvel do Tribunal de Justi\u00e7a da Para\u00edba ao julgar improcedente pedido em A\u00e7\u00e3o Rescis\u00f3ria, que buscava a reforma do ac\u00f3rd\u00e3o proferido pela Terceira C\u00e2mara C\u00edvel. O julgamento ocorreu na manh\u00e3 desta ter\u00e7a-feira (12) e teve a relatoria o juiz convocado T\u00e9rcio Chaves de Moura.<\/p>\n\n\n\n<p>Conforme relat\u00f3rio, durante julgamento do recurso apresentado pelo MP, a Terceira C\u00e2mara C\u00edvel reformou a senten\u00e7a do Ju\u00edzo de 1\u00ba Grau e julgou procedente o pedido autoral, condenando a ex-gestora como incursa nas penas do inciso III do artigo 12 da Lei de Improbidade. O relator imp\u00f4s a san\u00e7\u00e3o de pagamento de multa civil na ordem de 12 vezes o valor da \u00faltima remunera\u00e7\u00e3o percebida no cargo de prefeita de Monteiro, a ser revertida ao fundo de que trata o artigo 13 da Lei n\u00ba 7.347\/85 (Lei da A\u00e7\u00e3o Civil P\u00fablica).<\/p>\n\n\n\n<p>Inconformada, a defesa apresentou A\u00e7\u00e3o Rescis\u00f3ria, pleiteando a reforma do julgado. Afirmou que o ac\u00f3rd\u00e3o violou os princ\u00edpios da razoabilidade e proporcionalidade ao imputar multa civil de R$ 180 mil, notadamente quando n\u00e3o se cogitou, nos autos, enriquecimento il\u00edcito ou dano ao er\u00e1rio, configurando, assim, viola\u00e7\u00e3o manifesta a norma jur\u00eddica, conforme o artigo 966, V, do CPC.<\/p>\n\n\n\n<p>Por fim, requereu a antecipa\u00e7\u00e3o parcial da tutela para que fosse suspenso os efeitos do ac\u00f3rd\u00e3o rescindendo, e, no m\u00e9rito, julgado procedente o pedido da a\u00e7\u00e3o, rescindindo o ac\u00f3rd\u00e3o impugnado, proferindo novo julgamento do caso para minorar o quantum da multa fixada.<\/p>\n\n\n\n<p>Ao julgar improcedente o pedido, o relator, juiz convocado T\u00e9rcio Chaves, ressaltou que a A\u00e7\u00e3o Rescis\u00f3ria \u00e9 instrumento de cunho bastante espec\u00edfico, cabendo ao requente expor os requisitos previstos no artigo 966, V, logo, imposs\u00edvel a sua utiliza\u00e7\u00e3o como substituto recursal.<\/p>\n\n\n\n<p>\u201cLogo, para que a a\u00e7\u00e3o rescis\u00f3ria tenha pertin\u00eancia, seria necess\u00e1ria a demonstra\u00e7\u00e3o da afronta a norma jur\u00eddica, no caso aos princ\u00edpios da razoabilidade e desproporcionalidade, o que n\u00e3o se desincumbiu a promovente\u201d, disse o relator.<\/p>\n\n\n\n<p>Ainda de acordo com o magistrado, a multa civil aplicada a ex-prefeita pode chegar at\u00e9 100 vezes o sal\u00e1rio do agente e a multa sobreposta foi de 12 vezes ao \u00faltimo sal\u00e1rio que era de R$ 15 mil, dentro do limite legal da norma aplicada.<\/p>\n\n\n\n<p>\u201cEm caso semelhante, j\u00e1 se posicionou o Superior Tribunal de Justi\u00e7a pela manuten\u00e7\u00e3o da multa civil no valor de 15 vezes o sal\u00e1rio do gestor, considerando a gravidade da conduta praticada\u201d, arrematou.<\/p>\n","protected":false},"excerpt":{"rendered":"<p>Mantida a condena\u00e7\u00e3o da ex-prefeita do Munic\u00edpio de Monteiro e atual deputada federal, Edna Henrique (PSDB), ao pagamento de multa civil de R$ 180 mil,&hellip; <\/p>\n","protected":false},"author":1,"featured_media":433,"comment_status":"closed","ping_status":"closed","sticky":false,"template":"","format":"standard","meta":{"sfsi_plus_gutenberg_text_before_share":"","sfsi_plus_gutenberg_show_text_before_share":"","sfsi_plus_gutenberg_icon_type":"","sfsi_plus_gutenberg_icon_alignemt":"","sfsi_plus_gutenburg_max_per_row":"","footnotes":""},"categories":[2],"tags":[],"class_list":["post-99524","post","type-post","status-publish","format-standard","has-post-thumbnail","hentry","category-geral"],"_links":{"self":[{"href":"https:\/\/www.caririemacao.com\/1\/wp-json\/wp\/v2\/posts\/99524","targetHints":{"allow":["GET"]}}],"collection":[{"href":"https:\/\/www.caririemacao.com\/1\/wp-json\/wp\/v2\/posts"}],"about":[{"href":"https:\/\/www.caririemacao.com\/1\/wp-json\/wp\/v2\/types\/post"}],"author":[{"embeddable":true,"href":"https:\/\/www.caririemacao.com\/1\/wp-json\/wp\/v2\/users\/1"}],"replies":[{"embeddable":true,"href":"https:\/\/www.caririemacao.com\/1\/wp-json\/wp\/v2\/comments?post=99524"}],"version-history":[{"count":1,"href":"https:\/\/www.caririemacao.com\/1\/wp-json\/wp\/v2\/posts\/99524\/revisions"}],"predecessor-version":[{"id":99525,"href":"https:\/\/www.caririemacao.com\/1\/wp-json\/wp\/v2\/posts\/99524\/revisions\/99525"}],"wp:featuredmedia":[{"embeddable":true,"href":"https:\/\/www.caririemacao.com\/1\/wp-json\/wp\/v2\/media\/433"}],"wp:attachment":[{"href":"https:\/\/www.caririemacao.com\/1\/wp-json\/wp\/v2\/media?parent=99524"}],"wp:term":[{"taxonomy":"category","embeddable":true,"href":"https:\/\/www.caririemacao.com\/1\/wp-json\/wp\/v2\/categories?post=99524"},{"taxonomy":"post_tag","embeddable":true,"href":"https:\/\/www.caririemacao.com\/1\/wp-json\/wp\/v2\/tags?post=99524"}],"curies":[{"name":"wp","href":"https:\/\/api.w.org\/{rel}","templated":true}]}}