{"id":99529,"date":"2019-06-12T15:56:41","date_gmt":"2019-06-12T18:56:41","guid":{"rendered":"http:\/\/www.caririemacao.com\/1\/?p=99529"},"modified":"2019-06-12T15:56:41","modified_gmt":"2019-06-12T18:56:41","slug":"prefeitos-do-cariri-estao-preocupados-com-mais-uma-queda-no-repasse-do-fpm","status":"publish","type":"post","link":"https:\/\/www.caririemacao.com\/1\/2019\/06\/12\/prefeitos-do-cariri-estao-preocupados-com-mais-uma-queda-no-repasse-do-fpm\/","title":{"rendered":"Prefeitos do Cariri est\u00e3o preocupados com mais uma queda no repasse do FPM"},"content":{"rendered":"\n<div class=\"wp-block-image\"><figure class=\"alignleft\"><img decoding=\"async\" data-src=\"https:\/\/i1.wp.com\/www.vitrinedocariri.com.br\/wp-content\/uploads\/2018\/03\/dinheiro_nova.jpg?zoom=2&amp;resize=330%2C220&amp;ssl=1\" alt=\"\" class=\"wp-image-7859 lazyload\" src=\"data:image\/svg+xml;base64,PHN2ZyB3aWR0aD0iMSIgaGVpZ2h0PSIxIiB4bWxucz0iaHR0cDovL3d3dy53My5vcmcvMjAwMC9zdmciPjwvc3ZnPg==\" \/><\/figure><\/div>\n\n\n\n<p>Os prefeitos do Cariri est\u00e3o extremamente preocupados com a redu\u00e7\u00e3o do repasse do FPM ocorrida na 1\u00aa parcela, referente ao m\u00eas de Junho, na \u00faltima segunda-feira (10).<\/p>\n\n\n\n<p>O Primeiro repasse do Fundo de Participa\u00e7\u00e3o dos Munic\u00edpios (FPM) de junho, que entrou nas contas das prefeituras na segunda-feira (10), teve uma redu\u00e7\u00e3o de R$ 17.158.867,06, o que representa 12,29% a menos em rela\u00e7\u00e3o ao mesmo per\u00edodo de 2018, em valores brutos, sem os descontos dos 20% do Fundeb, 15% da sa\u00fade e o 1% do Pasep.<\/p>\n\n\n\n<p>Com base nessa realidade, o Presidente da Federa\u00e7\u00e3o das associa\u00e7\u00f5es de Munic\u00edpios da Para\u00edba (Famup), George Coelho, fez uma alerta aos prefeitos para que priorizem a economia dos recursos p\u00fablicos, principalmente nesta \u00e9poca de festas juninas.<\/p>\n\n\n\n<p>O Prefeito de S\u00e3o Jo\u00e3o do Tigre, C\u00e9lio Barbosa, demostrou preocupa\u00e7\u00e3o com essa queda nos repasses.<\/p>\n\n\n\n<p>\u201cA popula\u00e7\u00e3o precisa toma conhecimento de que n\u00e3o \u00e9 f\u00e1cil mantermos e oferecermos servi\u00e7o p\u00fablico aos nossos mun\u00edcipes, tendo estes cortes abusivos. O governo federal precisa repensar a pactua\u00e7\u00e3o dos recursos, pois os pequenos munic\u00edpios como o nosso, \u00e9 que s\u00e3o mais penalizados no atual quadro\u201d, disse o prefeito C\u00e9lio Barbosa de S\u00e3o Jo\u00e3o do Tigre.<\/p>\n","protected":false},"excerpt":{"rendered":"<p>Os prefeitos do Cariri est\u00e3o extremamente preocupados com a redu\u00e7\u00e3o do repasse do FPM ocorrida na 1\u00aa parcela, referente ao m\u00eas de Junho, na \u00faltima&hellip; <\/p>\n","protected":false},"author":1,"featured_media":91612,"comment_status":"closed","ping_status":"closed","sticky":false,"template":"","format":"standard","meta":{"sfsi_plus_gutenberg_text_before_share":"","sfsi_plus_gutenberg_show_text_before_share":"","sfsi_plus_gutenberg_icon_type":"","sfsi_plus_gutenberg_icon_alignemt":"","sfsi_plus_gutenburg_max_per_row":"","footnotes":""},"categories":[6,50],"tags":[],"class_list":["post-99529","post","type-post","status-publish","format-standard","has-post-thumbnail","hentry","category-cidades","category-destaque"],"_links":{"self":[{"href":"https:\/\/www.caririemacao.com\/1\/wp-json\/wp\/v2\/posts\/99529","targetHints":{"allow":["GET"]}}],"collection":[{"href":"https:\/\/www.caririemacao.com\/1\/wp-json\/wp\/v2\/posts"}],"about":[{"href":"https:\/\/www.caririemacao.com\/1\/wp-json\/wp\/v2\/types\/post"}],"author":[{"embeddable":true,"href":"https:\/\/www.caririemacao.com\/1\/wp-json\/wp\/v2\/users\/1"}],"replies":[{"embeddable":true,"href":"https:\/\/www.caririemacao.com\/1\/wp-json\/wp\/v2\/comments?post=99529"}],"version-history":[{"count":1,"href":"https:\/\/www.caririemacao.com\/1\/wp-json\/wp\/v2\/posts\/99529\/revisions"}],"predecessor-version":[{"id":99530,"href":"https:\/\/www.caririemacao.com\/1\/wp-json\/wp\/v2\/posts\/99529\/revisions\/99530"}],"wp:featuredmedia":[{"embeddable":true,"href":"https:\/\/www.caririemacao.com\/1\/wp-json\/wp\/v2\/media\/91612"}],"wp:attachment":[{"href":"https:\/\/www.caririemacao.com\/1\/wp-json\/wp\/v2\/media?parent=99529"}],"wp:term":[{"taxonomy":"category","embeddable":true,"href":"https:\/\/www.caririemacao.com\/1\/wp-json\/wp\/v2\/categories?post=99529"},{"taxonomy":"post_tag","embeddable":true,"href":"https:\/\/www.caririemacao.com\/1\/wp-json\/wp\/v2\/tags?post=99529"}],"curies":[{"name":"wp","href":"https:\/\/api.w.org\/{rel}","templated":true}]}}