{"id":99534,"date":"2019-06-12T15:58:24","date_gmt":"2019-06-12T18:58:24","guid":{"rendered":"http:\/\/www.caririemacao.com\/1\/?p=99534"},"modified":"2019-06-12T15:58:24","modified_gmt":"2019-06-12T18:58:24","slug":"escola-agrotecnica-de-sume-recebe-premio-de-educacao-empreendedora-do-sebrae","status":"publish","type":"post","link":"https:\/\/www.caririemacao.com\/1\/2019\/06\/12\/escola-agrotecnica-de-sume-recebe-premio-de-educacao-empreendedora-do-sebrae\/","title":{"rendered":"Escola Agrot\u00e9cnica de Sum\u00e9 recebe Pr\u00eamio de Educa\u00e7\u00e3o Empreendedora do Sebrae"},"content":{"rendered":"\n<p>A Escola Agrot\u00e9cnica de Ensino Fundamental Deputado Evaldo Gon\u00e7alves de Queiroz, de Sum\u00e9, recebeu nesta ter\u00e7a-feira (11\/06), na sede estadual do Sebrae, em Jo\u00e3o Pessoa, a primeira coloca\u00e7\u00e3o, na edi\u00e7\u00e3o 2019, do Pr\u00eamio Educa\u00e7\u00e3o Empreendedora do Sebrae.<\/p>\n\n\n\n<p>A Escola recebeu a primeira coloca\u00e7\u00e3o estadual na categoria Ensino Fundamental pelo fato de suas a\u00e7\u00f5es estimularem o empreendedorismo entre os estudantes e a comunidade local, merecendo destaque para o Processo de Conserva\u00e7\u00e3o e Desenvolvimento Sustent\u00e1vel da Cadeia Produtiva do Imbuzeiro, O Festival do Umbu e as atividades gerais da escola como as disciplinas de pr\u00e1ticas comerciais e agroindutriais.<\/p>\n\n\n\n<div class=\"wp-block-image\"><figure class=\"alignleft\"><img decoding=\"async\" data-src=\"https:\/\/i0.wp.com\/www.vitrinedocariri.com.br\/wp-content\/uploads\/2019\/06\/WhatsApp-Image-2019-06-12-at-11.05.12.jpeg?zoom=2&amp;resize=330%2C247&amp;ssl=1\" alt=\"\" class=\"wp-image-46024 lazyload\" src=\"data:image\/svg+xml;base64,PHN2ZyB3aWR0aD0iMSIgaGVpZ2h0PSIxIiB4bWxucz0iaHR0cDovL3d3dy53My5vcmcvMjAwMC9zdmciPjwvc3ZnPg==\" \/><\/figure><\/div>\n\n\n\n<p>Estiveram presentes para receber o pr\u00eamio, o secret\u00e1rio de Educa\u00e7\u00e3o, Odilon Ara\u00fajo, os professores, Lindiberg Duarte e Biu Alc\u00e2ntara e a coordenadora Edna Ara\u00fajo, que representou a diretora, Raquel Batista.<\/p>\n\n\n\n<p>O Pr\u00eamio tem como objetivo identificar, estimular, reconhecer e divulgar as melhores pr\u00e1ticas da educa\u00e7\u00e3o empreendedora no Brasil. Foram selecionados e reconhecidos os profissionais respons\u00e1veis, como por exemplo: reitores, diretores, coordenadores, professores, secret\u00e1rios de educa\u00e7\u00e3o municipal, estadual e outros profissionais envolvidos com o ensino formal.<\/p>\n\n\n\n<div class=\"wp-block-image\"><figure class=\"alignleft\"><img decoding=\"async\" data-src=\"https:\/\/i1.wp.com\/www.vitrinedocariri.com.br\/wp-content\/uploads\/2019\/06\/WhatsApp-Image-2019-06-12-at-11.05.161.jpeg?zoom=2&amp;resize=330%2C247&amp;ssl=1\" alt=\"\" class=\"wp-image-46023 lazyload\" src=\"data:image\/svg+xml;base64,PHN2ZyB3aWR0aD0iMSIgaGVpZ2h0PSIxIiB4bWxucz0iaHR0cDovL3d3dy53My5vcmcvMjAwMC9zdmciPjwvc3ZnPg==\" \/><\/figure><\/div>\n\n\n\n<p>As a\u00e7\u00f5es empreendedoras da Agrot\u00e9cnica j\u00e1 haviam sido premiadas&nbsp;pelo Banco do Nordeste em 2017, quando o banco financiou atrav\u00e9s de patroc\u00ednio, o VII Festival do Umbu e a compra de equipamentos agroindustriais, al\u00e9m disso, a escola possui um hist\u00f3rico de importantes parcerias institucionais com a UFCG-CDSA, UFPB, Insa, Embrapa Semi\u00e1rido e outras.<\/p>\n\n\n\n<p>O prefeito \u00c9den Duarte afirma que a Escola Agrot\u00e9cnica \u00e9 um dos maiores patrim\u00f4nios do munic\u00edpio de Sum\u00e9, formou muitos cidad\u00e3os que d\u00e3o sua contribui\u00e7\u00e3o para o setor agropecu\u00e1rio local e para outras regi\u00f5es do Pa\u00eds.<\/p>\n\n\n\n<div class=\"wp-block-image\"><figure class=\"alignleft\"><img decoding=\"async\" data-src=\"https:\/\/i0.wp.com\/www.vitrinedocariri.com.br\/wp-content\/uploads\/2019\/06\/WhatsApp-Image-2019-06-12-at-11.05.15.jpeg?zoom=2&amp;resize=330%2C247&amp;ssl=1\" alt=\"\" class=\"wp-image-46022 lazyload\" src=\"data:image\/svg+xml;base64,PHN2ZyB3aWR0aD0iMSIgaGVpZ2h0PSIxIiB4bWxucz0iaHR0cDovL3d3dy53My5vcmcvMjAwMC9zdmciPjwvc3ZnPg==\" \/><\/figure><\/div>\n\n\n\n<p>\u201cA partir da Escola foi poss\u00edvel a instala\u00e7\u00e3o do campus da UFCG no&nbsp;munic\u00edpio. Pela sua import\u00e2ncia continuar\u00e1 a receber todo o nosso apoio, incentivo e colabora\u00e7\u00e3o para manter e ampliar seus bons servi\u00e7os que s\u00e3o reconhecidos por toda a comunidade local e que agora ganha reconhecimento regional\u201d, garantiu o prefeito.<\/p>\n\n\n\n<p>No momento, foi concedido aos representantes trof\u00e9u e certificados para a Escola. Na pr\u00f3xima etapa, a Agrot\u00e9cnica estar\u00e1 representando a Para\u00edba no Pr\u00eamio Regional que acontecer\u00e1 no pr\u00f3ximo m\u00eas de julho.<\/p>\n","protected":false},"excerpt":{"rendered":"<p>A Escola Agrot\u00e9cnica de Ensino Fundamental Deputado Evaldo Gon\u00e7alves de Queiroz, de Sum\u00e9, recebeu nesta ter\u00e7a-feira (11\/06), na sede estadual do Sebrae, em Jo\u00e3o Pessoa,&hellip; <\/p>\n","protected":false},"author":1,"featured_media":99535,"comment_status":"closed","ping_status":"closed","sticky":false,"template":"","format":"standard","meta":{"sfsi_plus_gutenberg_text_before_share":"","sfsi_plus_gutenberg_show_text_before_share":"","sfsi_plus_gutenberg_icon_type":"","sfsi_plus_gutenberg_icon_alignemt":"","sfsi_plus_gutenburg_max_per_row":"","footnotes":""},"categories":[14],"tags":[],"class_list":["post-99534","post","type-post","status-publish","format-standard","has-post-thumbnail","hentry","category-educacao"],"_links":{"self":[{"href":"https:\/\/www.caririemacao.com\/1\/wp-json\/wp\/v2\/posts\/99534","targetHints":{"allow":["GET"]}}],"collection":[{"href":"https:\/\/www.caririemacao.com\/1\/wp-json\/wp\/v2\/posts"}],"about":[{"href":"https:\/\/www.caririemacao.com\/1\/wp-json\/wp\/v2\/types\/post"}],"author":[{"embeddable":true,"href":"https:\/\/www.caririemacao.com\/1\/wp-json\/wp\/v2\/users\/1"}],"replies":[{"embeddable":true,"href":"https:\/\/www.caririemacao.com\/1\/wp-json\/wp\/v2\/comments?post=99534"}],"version-history":[{"count":1,"href":"https:\/\/www.caririemacao.com\/1\/wp-json\/wp\/v2\/posts\/99534\/revisions"}],"predecessor-version":[{"id":99536,"href":"https:\/\/www.caririemacao.com\/1\/wp-json\/wp\/v2\/posts\/99534\/revisions\/99536"}],"wp:featuredmedia":[{"embeddable":true,"href":"https:\/\/www.caririemacao.com\/1\/wp-json\/wp\/v2\/media\/99535"}],"wp:attachment":[{"href":"https:\/\/www.caririemacao.com\/1\/wp-json\/wp\/v2\/media?parent=99534"}],"wp:term":[{"taxonomy":"category","embeddable":true,"href":"https:\/\/www.caririemacao.com\/1\/wp-json\/wp\/v2\/categories?post=99534"},{"taxonomy":"post_tag","embeddable":true,"href":"https:\/\/www.caririemacao.com\/1\/wp-json\/wp\/v2\/tags?post=99534"}],"curies":[{"name":"wp","href":"https:\/\/api.w.org\/{rel}","templated":true}]}}