{"id":99542,"date":"2019-06-12T16:01:56","date_gmt":"2019-06-12T19:01:56","guid":{"rendered":"http:\/\/www.caririemacao.com\/1\/?p=99542"},"modified":"2019-06-12T16:01:56","modified_gmt":"2019-06-12T19:01:56","slug":"acoes-contra-violacao-dos-direitos-da-crianca-e-adolescentes-acontecem-em-monteiro","status":"publish","type":"post","link":"https:\/\/www.caririemacao.com\/1\/2019\/06\/12\/acoes-contra-violacao-dos-direitos-da-crianca-e-adolescentes-acontecem-em-monteiro\/","title":{"rendered":"A\u00e7\u00f5es contra viola\u00e7\u00e3o dos direitos da crian\u00e7a e adolescentes acontecem em Monteiro"},"content":{"rendered":"\n<div class=\"wp-block-image\"><figure class=\"alignleft\"><img decoding=\"async\" data-src=\"https:\/\/i0.wp.com\/www.vitrinedocariri.com.br\/wp-content\/uploads\/2019\/06\/logo-campanha-protejabrasil.png?zoom=2&amp;resize=330%2C180&amp;ssl=1\" alt=\"\" class=\"wp-image-46004 lazyload\" src=\"data:image\/svg+xml;base64,PHN2ZyB3aWR0aD0iMSIgaGVpZ2h0PSIxIiB4bWxucz0iaHR0cDovL3d3dy53My5vcmcvMjAwMC9zdmciPjwvc3ZnPg==\" \/><\/figure><\/div>\n\n\n\n<p>A Prefeitura de Monteiro, por meio da Secretaria de Desenvolvimento Social, juntamente com CREAS, CRAS e Conselho Tutelar; criou a a\u00e7\u00e3o \u201cProteger Est\u00e1 em Suas M\u00e3os\u201d, que visa abordar e conscientizar a popula\u00e7\u00e3o sobre a viola\u00e7\u00e3o dos direitos da crian\u00e7a e do adolescente neste per\u00edodo junino.<\/p>\n\n\n\n<p>O tema Proteger Est\u00e1 em Suas M\u00e3os, segundo a secret\u00e1ria executiva de Desenvolvimento Social, Silv\u00e2nia Mayer, foi criado com o intuito de lembrar a toda popula\u00e7\u00e3o que com um simples ato de uma liga\u00e7\u00e3o telef\u00f4nica, a vida de uma ou mais crian\u00e7as e adolescentes pode ser mudada, no sentido de denunciar ou at\u00e9 mesmo prevenir abusos contra este p\u00fablico.<\/p>\n\n\n\n<p>As entidades alertam a popula\u00e7\u00e3o que s\u00e3o viola\u00e7\u00f5es de diretos, atos como: viol\u00eancia psicol\u00f3gica, f\u00edsica e sexual; trabalho infantil, drogadi\u00e7\u00e3o, abuso sexual, abandono e neglig\u00eancia. Para atender as den\u00fancias, a Secretaria de Desenvolvimento Social e a Secretaria de Comunica\u00e7\u00e3o firmaram parceria e fornecem o 0800 095 1553, al\u00e9m dos n\u00fameros Disque Den\u00fancia Estadual 123, 3351 1537 e 99970 4887 que s\u00e3o os n\u00fameros do Conselho Tutelar Municipal.<\/p>\n\n\n\n<p>\u201cMesmo se a popula\u00e7\u00e3o n\u00e3o se sentir a vontade em ligar para estes telefones, as informa\u00e7\u00f5es sobre suspeitas de agress\u00e3o e viola\u00e7\u00e3o de direitos tamb\u00e9m pode ser repassadas nas delegacias, hospitais, postos de sa\u00fade, \u00f3rg\u00e3os do judici\u00e1rio e Minist\u00e9rio P\u00fablico. O importante \u00e9 a prote\u00e7\u00e3o de nossas crian\u00e7as e adolescentes. Contamos com a ajuda de todos\u201d, pontua a secret\u00e1ria executiva, Silv\u00e2nia Mayer.<\/p>\n","protected":false},"excerpt":{"rendered":"<p>A Prefeitura de Monteiro, por meio da Secretaria de Desenvolvimento Social, juntamente com CREAS, CRAS e Conselho Tutelar; criou a a\u00e7\u00e3o \u201cProteger Est\u00e1 em Suas&hellip; <\/p>\n","protected":false},"author":1,"featured_media":99543,"comment_status":"closed","ping_status":"closed","sticky":false,"template":"","format":"standard","meta":{"sfsi_plus_gutenberg_text_before_share":"","sfsi_plus_gutenberg_show_text_before_share":"","sfsi_plus_gutenberg_icon_type":"","sfsi_plus_gutenberg_icon_alignemt":"","sfsi_plus_gutenburg_max_per_row":"","footnotes":""},"categories":[2],"tags":[],"class_list":["post-99542","post","type-post","status-publish","format-standard","has-post-thumbnail","hentry","category-geral"],"_links":{"self":[{"href":"https:\/\/www.caririemacao.com\/1\/wp-json\/wp\/v2\/posts\/99542","targetHints":{"allow":["GET"]}}],"collection":[{"href":"https:\/\/www.caririemacao.com\/1\/wp-json\/wp\/v2\/posts"}],"about":[{"href":"https:\/\/www.caririemacao.com\/1\/wp-json\/wp\/v2\/types\/post"}],"author":[{"embeddable":true,"href":"https:\/\/www.caririemacao.com\/1\/wp-json\/wp\/v2\/users\/1"}],"replies":[{"embeddable":true,"href":"https:\/\/www.caririemacao.com\/1\/wp-json\/wp\/v2\/comments?post=99542"}],"version-history":[{"count":1,"href":"https:\/\/www.caririemacao.com\/1\/wp-json\/wp\/v2\/posts\/99542\/revisions"}],"predecessor-version":[{"id":99544,"href":"https:\/\/www.caririemacao.com\/1\/wp-json\/wp\/v2\/posts\/99542\/revisions\/99544"}],"wp:featuredmedia":[{"embeddable":true,"href":"https:\/\/www.caririemacao.com\/1\/wp-json\/wp\/v2\/media\/99543"}],"wp:attachment":[{"href":"https:\/\/www.caririemacao.com\/1\/wp-json\/wp\/v2\/media?parent=99542"}],"wp:term":[{"taxonomy":"category","embeddable":true,"href":"https:\/\/www.caririemacao.com\/1\/wp-json\/wp\/v2\/categories?post=99542"},{"taxonomy":"post_tag","embeddable":true,"href":"https:\/\/www.caririemacao.com\/1\/wp-json\/wp\/v2\/tags?post=99542"}],"curies":[{"name":"wp","href":"https:\/\/api.w.org\/{rel}","templated":true}]}}