{"id":99559,"date":"2019-06-12T16:05:58","date_gmt":"2019-06-12T19:05:58","guid":{"rendered":"http:\/\/www.caririemacao.com\/1\/?p=99559"},"modified":"2019-06-12T16:05:58","modified_gmt":"2019-06-12T19:05:58","slug":"governo-federal-autoriza-pagamento-do-garantia-safra-para-05-municipios-do-cariri-saiba-quais-sao","status":"publish","type":"post","link":"https:\/\/www.caririemacao.com\/1\/2019\/06\/12\/governo-federal-autoriza-pagamento-do-garantia-safra-para-05-municipios-do-cariri-saiba-quais-sao\/","title":{"rendered":"Governo Federal autoriza pagamento do Garantia-Safra para 05 munic\u00edpios do Cariri; SAIBA QUAIS S\u00c3O"},"content":{"rendered":"\n<p>O governo federal autorizou o pagamento do Garantia-Safra a 12 munic\u00edpios paraibanos. A portaria do Minist\u00e9rio da Agricultura, assinada pelo secret\u00e1rio de Pol\u00edcia Agr\u00edcola Eduardo Sampaio Marques, foi publicada na edi\u00e7\u00e3o desta quarta-feira (12) do Di\u00e1rio Oficial da Uni\u00e3o.<\/p>\n\n\n\n<p>Na regi\u00e3o do Cariri da Para\u00edba, as cidades do Congo, Parari, S\u00e3o Jo\u00e3o do Cariri, Barra de Santana e Barra de S\u00e3o Miguel tiveram os benef\u00edcios autorizados pelo governo federal.<\/p>\n\n\n\n<p>O pagamento dos benef\u00edcios, que ser\u00e3o feitos aos agricultores que aderiram ao programa nos munic\u00edpios presentes no anexo, s\u00e3o relativos \u00e0 safra dos exerc\u00edcios 2017\/2018. Al\u00e9m de doze cidades da Para\u00edba, tamb\u00e9m est\u00e3o previstos os pagamentos do Garantia-Safra para cidades de Minas Gerais e Pernambuco.<\/p>\n\n\n\n<p>De acordo com o texto da portaria, os pagamentos ser\u00e3o realizados ainda no m\u00eas de junho de 2019 conforme calend\u00e1rio de pagamento de benef\u00edcios sociais da Caixa Econ\u00f4mica Federal.<\/p>\n\n\n\n<p>As cidades paraibanas que est\u00e3o inclu\u00eddas nesta autoriza\u00e7\u00e3o do pagamento do Garantia-Safra s\u00e3o:\u00a0<strong>Congo,\u00a0Parari,\u00a0S\u00e3o Jo\u00e3o do Cariri,\u00a0Barra de Santana,\u00a0Barra de S\u00e3o Miguel,\u00a0<\/strong>Gado Bravo, Itabaiana, Itatuba, Montadas, Natuba, Queimadas e Umbuzeiro.<\/p>\n\n\n\n<p><em>Informa\u00e7\u00f5es Click PB<\/em><\/p>\n","protected":false},"excerpt":{"rendered":"<p>O governo federal autorizou o pagamento do Garantia-Safra a 12 munic\u00edpios paraibanos. A portaria do Minist\u00e9rio da Agricultura, assinada pelo secret\u00e1rio de Pol\u00edcia Agr\u00edcola Eduardo&hellip; <\/p>\n","protected":false},"author":1,"featured_media":99560,"comment_status":"closed","ping_status":"closed","sticky":false,"template":"","format":"standard","meta":{"sfsi_plus_gutenberg_text_before_share":"","sfsi_plus_gutenberg_show_text_before_share":"","sfsi_plus_gutenberg_icon_type":"","sfsi_plus_gutenberg_icon_alignemt":"","sfsi_plus_gutenburg_max_per_row":"","footnotes":""},"categories":[6],"tags":[],"class_list":["post-99559","post","type-post","status-publish","format-standard","has-post-thumbnail","hentry","category-cidades"],"_links":{"self":[{"href":"https:\/\/www.caririemacao.com\/1\/wp-json\/wp\/v2\/posts\/99559","targetHints":{"allow":["GET"]}}],"collection":[{"href":"https:\/\/www.caririemacao.com\/1\/wp-json\/wp\/v2\/posts"}],"about":[{"href":"https:\/\/www.caririemacao.com\/1\/wp-json\/wp\/v2\/types\/post"}],"author":[{"embeddable":true,"href":"https:\/\/www.caririemacao.com\/1\/wp-json\/wp\/v2\/users\/1"}],"replies":[{"embeddable":true,"href":"https:\/\/www.caririemacao.com\/1\/wp-json\/wp\/v2\/comments?post=99559"}],"version-history":[{"count":1,"href":"https:\/\/www.caririemacao.com\/1\/wp-json\/wp\/v2\/posts\/99559\/revisions"}],"predecessor-version":[{"id":99561,"href":"https:\/\/www.caririemacao.com\/1\/wp-json\/wp\/v2\/posts\/99559\/revisions\/99561"}],"wp:featuredmedia":[{"embeddable":true,"href":"https:\/\/www.caririemacao.com\/1\/wp-json\/wp\/v2\/media\/99560"}],"wp:attachment":[{"href":"https:\/\/www.caririemacao.com\/1\/wp-json\/wp\/v2\/media?parent=99559"}],"wp:term":[{"taxonomy":"category","embeddable":true,"href":"https:\/\/www.caririemacao.com\/1\/wp-json\/wp\/v2\/categories?post=99559"},{"taxonomy":"post_tag","embeddable":true,"href":"https:\/\/www.caririemacao.com\/1\/wp-json\/wp\/v2\/tags?post=99559"}],"curies":[{"name":"wp","href":"https:\/\/api.w.org\/{rel}","templated":true}]}}