{"id":99567,"date":"2019-06-12T16:11:04","date_gmt":"2019-06-12T19:11:04","guid":{"rendered":"http:\/\/www.caririemacao.com\/1\/?p=99567"},"modified":"2019-06-12T16:11:04","modified_gmt":"2019-06-12T19:11:04","slug":"ccj-do-senado-aprova-relatorio-de-veneziano-para-suspensao-do-decreto-de-armas","status":"publish","type":"post","link":"https:\/\/www.caririemacao.com\/1\/2019\/06\/12\/ccj-do-senado-aprova-relatorio-de-veneziano-para-suspensao-do-decreto-de-armas\/","title":{"rendered":"CCJ do Senado aprova relat\u00f3rio de Veneziano para suspens\u00e3o do decreto de armas"},"content":{"rendered":"\n<p>A Comiss\u00e3o de Constitui\u00e7\u00e3o e Justi\u00e7a (CCJ) do Senado aprovou nesta quarta-feira (12) relat\u00f3rio alternativo do senador Veneziano Vital do R\u00eago (PSB-PB) que pede a suspens\u00e3o do decreto sobre porte de armas, editado pelo presidente Jair Bolsonaro no m\u00eas passado. Mat\u00e9ria segue para o plen\u00e1rio do Senado.<br><\/p>\n\n\n\n<p>Antes, a comiss\u00e3o havia rejeitado por 15 votos a 9 o parecer que defendia a manuten\u00e7\u00e3o do decreto. Portanto, os senadores foram contra o decreto que alterou as regras de uso de armas e de muni\u00e7\u00f5es, facilitando o porte.<\/p>\n\n\n\n<p>O relat\u00f3rio a favor do decreto, negado pelos membros da CCJ, \u00e9 de autoria do senador Marcos do Val (Cidadania-ES).<\/p>\n\n\n\n<p>Quatro votos em separado, alternativos ao relat\u00f3rio rejeitado foram apresentados. Veneziano Vital do R\u00eago (PSB-PB), Rog\u00e9rio Carvalho (PT-SE) e Fabiano Contarato (Rede-ES) pediram que os decretos do governo sejam suspensos. Marcos Rog\u00e9rio (DEM-RO) votou por manter os decretos, assim como o relator.<\/p>\n\n\n\n<p>O projeto ainda precisa passar pelo plen\u00e1rio do Senado, que vai analisar o conte\u00fado. Coube \u00e0 CCJ votar a constitucionalidade da mat\u00e9ria.<\/p>\n\n\n\n<p>O direito ao porte \u00e9 a autoriza\u00e7\u00e3o para transportar a arma fora de casa. \u00c9 diferente da posse, que s\u00f3 permite manter a arma dentro de casa.<\/p>\n\n\n\n<p>O primeiro decreto foi assinado por Bolsonaro em 7 de maio. Desde ent\u00e3o, tem gerado questionamentos na Justi\u00e7a e no Congresso Nacional. A Rede, por exemplo, pediu ao Supremo Tribunal Federal para anular o decreto. O Minist\u00e9rio P\u00fablico pediu \u00e0 Justi\u00e7a Federal para suspender o ato de Bolsonaro. Ainda n\u00e3o houve decis\u00e3o.<\/p>\n\n\n\n<p>O governo decidiu publicar, no dia 22 do mesmo m\u00eas, um novo texto com conte\u00fado semelhante. O segundo decreto altera alguns pontos do primeiro. Entre as altera\u00e7\u00f5es, est\u00e1 o veto ao porte de fuzis, carabinas ou espingardas para cidad\u00e3os comuns. Tamb\u00e9m foi definida nova regra para a pr\u00e1tica de tiro por menores de idade e ficou mantida a facilita\u00e7\u00e3o do porte de armas para categorias profissionais como caminhoneiro, advogado e profissional de imprensa de cobertura policial.<\/p>\n\n\n\n<p>O presidente do Senado, Davi Alcolumbre (DEM-AP), afirmou que, se a CCJ concluir a aprecia\u00e7\u00e3o do tema nesta quarta, vai conversar com l\u00edderes partid\u00e1rios para ver se h\u00e1 entendimento para analisar o tema tamb\u00e9m no plen\u00e1rio principal da Casa.<\/p>\n\n\n\n<p><strong>Discuss\u00e3o na CCJ<\/strong><br><\/p>\n\n\n\n<p>O senador Fl\u00e1vio Bolsonaro (PSL-RJ) defendeu o relat\u00f3rio de Marcos do Val e argumentou que a vida \u00e9 &#8220;inegoci\u00e1vel&#8221;. &#8220;Quando a arma que mata defende a liberdade e o direito de ir e vir, os anjos choram, mas n\u00e3o condenam&#8221;, disse o parlamentar.<\/p>\n\n\n\n<p>&#8220;Quanto mais armas, mais viol\u00eancia, mais mortes&#8221;, contrap\u00f4s o senador Eduardo Gir\u00e3o (PODE-CE).<\/p>\n","protected":false},"excerpt":{"rendered":"<p>A Comiss\u00e3o de Constitui\u00e7\u00e3o e Justi\u00e7a (CCJ) do Senado aprovou nesta quarta-feira (12) relat\u00f3rio alternativo do senador Veneziano Vital do R\u00eago (PSB-PB) que pede a&hellip; <\/p>\n","protected":false},"author":1,"featured_media":99568,"comment_status":"closed","ping_status":"closed","sticky":false,"template":"","format":"standard","meta":{"sfsi_plus_gutenberg_text_before_share":"","sfsi_plus_gutenberg_show_text_before_share":"","sfsi_plus_gutenberg_icon_type":"","sfsi_plus_gutenberg_icon_alignemt":"","sfsi_plus_gutenburg_max_per_row":"","footnotes":""},"categories":[11],"tags":[],"class_list":["post-99567","post","type-post","status-publish","format-standard","has-post-thumbnail","hentry","category-politica"],"_links":{"self":[{"href":"https:\/\/www.caririemacao.com\/1\/wp-json\/wp\/v2\/posts\/99567","targetHints":{"allow":["GET"]}}],"collection":[{"href":"https:\/\/www.caririemacao.com\/1\/wp-json\/wp\/v2\/posts"}],"about":[{"href":"https:\/\/www.caririemacao.com\/1\/wp-json\/wp\/v2\/types\/post"}],"author":[{"embeddable":true,"href":"https:\/\/www.caririemacao.com\/1\/wp-json\/wp\/v2\/users\/1"}],"replies":[{"embeddable":true,"href":"https:\/\/www.caririemacao.com\/1\/wp-json\/wp\/v2\/comments?post=99567"}],"version-history":[{"count":1,"href":"https:\/\/www.caririemacao.com\/1\/wp-json\/wp\/v2\/posts\/99567\/revisions"}],"predecessor-version":[{"id":99569,"href":"https:\/\/www.caririemacao.com\/1\/wp-json\/wp\/v2\/posts\/99567\/revisions\/99569"}],"wp:featuredmedia":[{"embeddable":true,"href":"https:\/\/www.caririemacao.com\/1\/wp-json\/wp\/v2\/media\/99568"}],"wp:attachment":[{"href":"https:\/\/www.caririemacao.com\/1\/wp-json\/wp\/v2\/media?parent=99567"}],"wp:term":[{"taxonomy":"category","embeddable":true,"href":"https:\/\/www.caririemacao.com\/1\/wp-json\/wp\/v2\/categories?post=99567"},{"taxonomy":"post_tag","embeddable":true,"href":"https:\/\/www.caririemacao.com\/1\/wp-json\/wp\/v2\/tags?post=99567"}],"curies":[{"name":"wp","href":"https:\/\/api.w.org\/{rel}","templated":true}]}}