{"id":99573,"date":"2019-06-12T16:20:10","date_gmt":"2019-06-12T19:20:10","guid":{"rendered":"http:\/\/www.caririemacao.com\/1\/?p=99573"},"modified":"2019-06-12T16:20:10","modified_gmt":"2019-06-12T19:20:10","slug":"haddad-na-paraiba-ex-presidenciavel-tera-encontro-com-ricardo-coutinho-e-participara-de-festas-juninas","status":"publish","type":"post","link":"https:\/\/www.caririemacao.com\/1\/2019\/06\/12\/haddad-na-paraiba-ex-presidenciavel-tera-encontro-com-ricardo-coutinho-e-participara-de-festas-juninas\/","title":{"rendered":"HADDAD NA PARA\u00cdBA: Ex-presidenci\u00e1vel ter\u00e1 encontro com Ricardo Coutinho e participar\u00e1 de festas juninas"},"content":{"rendered":"\n<p>O ex-presidenci\u00e1vel Fernando Haddad, do PT, voltar\u00e1 \u00e0 Para\u00edba para uma agenda extensa no final de semana em que \u00e9 comemorado o dia de S\u00e3o Jo\u00e3o.<\/p>\n\n\n\n<p>Segundo informa\u00e7\u00f5es reveladas com exclusividade ao Blog do Ninja, pelo presidente estadual da sigla no Estado, Jackson Mac\u00eado, no dia 23 de junho Haddad participar\u00e1 de uma caravana que tem realizado por todos os Estados e aproveitar\u00e1 para conhecer os festejos juninos na cidade de Conde.<\/p>\n\n\n\n<p>Ainda durante a passagem pela Para\u00edba, no mesmo dia, Haddad ter\u00e1 um almo\u00e7o com o ex-governador Ricardo Coutinho, do PSB.<\/p>\n\n\n\n<p>\u201cEle est\u00e1 tentando encaixar na agenda essa participa\u00e7\u00e3o nos festejos juninos da cidade de Conde tamb\u00e9m\u201d, contou Mac\u00eado.<\/p>\n","protected":false},"excerpt":{"rendered":"<p>O ex-presidenci\u00e1vel Fernando Haddad, do PT, voltar\u00e1 \u00e0 Para\u00edba para uma agenda extensa no final de semana em que \u00e9 comemorado o dia de S\u00e3o&hellip; <\/p>\n","protected":false},"author":1,"featured_media":99574,"comment_status":"closed","ping_status":"closed","sticky":false,"template":"","format":"standard","meta":{"sfsi_plus_gutenberg_text_before_share":"","sfsi_plus_gutenberg_show_text_before_share":"","sfsi_plus_gutenberg_icon_type":"","sfsi_plus_gutenberg_icon_alignemt":"","sfsi_plus_gutenburg_max_per_row":"","footnotes":""},"categories":[11],"tags":[],"class_list":["post-99573","post","type-post","status-publish","format-standard","has-post-thumbnail","hentry","category-politica"],"_links":{"self":[{"href":"https:\/\/www.caririemacao.com\/1\/wp-json\/wp\/v2\/posts\/99573","targetHints":{"allow":["GET"]}}],"collection":[{"href":"https:\/\/www.caririemacao.com\/1\/wp-json\/wp\/v2\/posts"}],"about":[{"href":"https:\/\/www.caririemacao.com\/1\/wp-json\/wp\/v2\/types\/post"}],"author":[{"embeddable":true,"href":"https:\/\/www.caririemacao.com\/1\/wp-json\/wp\/v2\/users\/1"}],"replies":[{"embeddable":true,"href":"https:\/\/www.caririemacao.com\/1\/wp-json\/wp\/v2\/comments?post=99573"}],"version-history":[{"count":1,"href":"https:\/\/www.caririemacao.com\/1\/wp-json\/wp\/v2\/posts\/99573\/revisions"}],"predecessor-version":[{"id":99575,"href":"https:\/\/www.caririemacao.com\/1\/wp-json\/wp\/v2\/posts\/99573\/revisions\/99575"}],"wp:featuredmedia":[{"embeddable":true,"href":"https:\/\/www.caririemacao.com\/1\/wp-json\/wp\/v2\/media\/99574"}],"wp:attachment":[{"href":"https:\/\/www.caririemacao.com\/1\/wp-json\/wp\/v2\/media?parent=99573"}],"wp:term":[{"taxonomy":"category","embeddable":true,"href":"https:\/\/www.caririemacao.com\/1\/wp-json\/wp\/v2\/categories?post=99573"},{"taxonomy":"post_tag","embeddable":true,"href":"https:\/\/www.caririemacao.com\/1\/wp-json\/wp\/v2\/tags?post=99573"}],"curies":[{"name":"wp","href":"https:\/\/api.w.org\/{rel}","templated":true}]}}