{"id":99581,"date":"2019-06-12T16:23:37","date_gmt":"2019-06-12T19:23:37","guid":{"rendered":"http:\/\/www.caririemacao.com\/1\/?p=99581"},"modified":"2019-06-12T16:23:37","modified_gmt":"2019-06-12T19:23:37","slug":"pf-abre-4-inqueritos-para-apurar-vazamento-de-mensagens-de-moro-e-procuradores-da-lava-jato","status":"publish","type":"post","link":"https:\/\/www.caririemacao.com\/1\/2019\/06\/12\/pf-abre-4-inqueritos-para-apurar-vazamento-de-mensagens-de-moro-e-procuradores-da-lava-jato\/","title":{"rendered":"PF abre 4 inqu\u00e9ritos para apurar vazamento de mensagens de Moro e procuradores da Lava Jato"},"content":{"rendered":"\n<p>A\u00a0Pol\u00edcia Federal (PF)\u00a0instaurou quatro inqu\u00e9ritos para investigar\u00a0o vazamento de mensagens\u00a0de celular de procuradores da Rep\u00fablica que integram a for\u00e7a-tarefa da Lava Jato e do ex-juiz federal e atual ministro da Justi\u00e7a,\u00a0<a href=\"https:\/\/g1.globo.com\/tudo-sobre\/sergio-moro\/\">S\u00e9rgio Moro<\/a>.<\/p>\n\n\n\n<p>Os investigadores trabalham com a hip\u00f3tese de que houve uma a\u00e7\u00e3o orquestrada. H\u00e1 a suspeita de que a invas\u00e3o ao celular de Moro e de integrantes do Minist\u00e9rio P\u00fablico Federal (MPF) tenha sido planejada.<\/p>\n\n\n\n<p>Os investigadores est\u00e3o colhendo ind\u00edcios sobre a autoria, sobre quem teve acesso de forma ilegal a conversas privadas do ministro e qual o m\u00e9todo usado pelos hackers.<\/p>\n\n\n\n<p>No caso de Moro, j\u00e1 se sabe que o ministro da Justi\u00e7a atendeu a uma liga\u00e7\u00e3o de um n\u00famero igual ao dele, e que isso permitiu o acesso ilegal ao aplicativo Telegram, que ele n\u00e3o usava mais.<\/p>\n\n\n\n<p>Investigadores afirmaram que os hackers clonaram o n\u00famero de Moro, abriram ou reativaram a conta do ministro no Telegram e se passaram por ele. Moro desativou a linha invadida.<\/p>\n\n\n\n<p>No m\u00eas passado, procuradores da Lava Jato no Rio de Janeiro e no Paran\u00e1 relataram tentativas de invas\u00f5es semelhantes.<\/p>\n\n\n\n<p>A procuradora-geral da Rep\u00fablica, Raquel Dodge, considerou os ataques graves e disse que configuram uma situa\u00e7\u00e3o que pode comprometer diversas apura\u00e7\u00f5es em curso.<\/p>\n\n\n\n<p>Segundo a Procuradoria-Geral da Rep\u00fablica (PGR), integrantes da Lava Jato atenderam a liga\u00e7\u00f5es do pr\u00f3prio n\u00famero. A PGR abriu procedimento interno para acompanhar o caso e, desde ent\u00e3o, tem refor\u00e7ado as orienta\u00e7\u00f5es para ampliar a seguran\u00e7a dos aplicativos de mensagem usados pelos procuradores.<\/p>\n\n\n\n<p>Nesta ter\u00e7a-feira (11), o Telegram negou que o aplicativo tenha sido alvo de hackers, ao contr\u00e1rio do que dizem os investigadores. A empresa aponta duas possibilidades para a invas\u00e3o de celulares:<\/p>\n\n\n\n<h2 class=\"wp-block-heading\">Esclarecimentos ao Congresso<\/h2>\n\n\n\n<p>Diante da repercuss\u00e3o do caso das mensagens sobre a Lava Jato, a Comiss\u00e3o de Trabalho, Administra\u00e7\u00e3o e Servi\u00e7o P\u00fablico da C\u00e2mara aprovou nesta quarta-feira (12) convite para S\u00e9rgio Moro comparecer a uma audi\u00eancia no colegiado para prestar esclarecimentos sobre o epis\u00f3dio. Como se trata de convite, e n\u00e3o convoca\u00e7\u00e3o, o ministro n\u00e3o \u00e9 obrigado a comparecer ao parlamento.<\/p>\n\n\n\n<p>O deputado Rog\u00e9rio Correia (PT-MG) havia apresentado \u00e0 comiss\u00e3o um requerimento de convoca\u00e7\u00e3o de Moro, que obrigaria o ministro a comparecer, sob risco de cometer crime de responsabilidade.<\/p>\n\n\n\n<p>No entanto, um acordo entre os parlamentares convocou o pedido de convoca\u00e7\u00e3o em convite.<\/p>\n\n\n\n<p>O colegiado agendou a audi\u00eancia com o ministro da Justi\u00e7a o dia 26, em conjunto com outras duas comiss\u00f5es: a de Constitui\u00e7\u00e3o e Justi\u00e7a e a de Direitos Humanos e Minorias.<\/p>\n\n\n\n<h2 class=\"wp-block-heading\">Pacote anticrime<\/h2>\n\n\n\n<p>S\u00e9rgio Moro voltou a se pronunciar nesta quarta-feira sobre o epis\u00f3dio das mensagens do Telegram. Ao anunciar em uma rede social a redu\u00e7\u00e3o de crimes, o ministro da Justi\u00e7a disse que os n\u00fameros seriam melhores com a aprova\u00e7\u00e3o do\u00a0pacote anticrime\u00a0que foi apresentado ao Congresso Nacional em fevereiro.<\/p>\n\n\n\n<p>Moro destacou ainda na rede social que hackers de ju\u00edzes, procuradores, jornalistas e, talvez, parlamentares, bem como suas linhas auxiliares ou esc\u00e2ndalos falsos, n\u00e3o v\u00e3o interferir na miss\u00e3o.<\/p>\n\n\n\n<p><br><strong>G1<\/strong><\/p>\n","protected":false},"excerpt":{"rendered":"<p>A\u00a0Pol\u00edcia Federal (PF)\u00a0instaurou quatro inqu\u00e9ritos para investigar\u00a0o vazamento de mensagens\u00a0de celular de procuradores da Rep\u00fablica que integram a for\u00e7a-tarefa da Lava Jato e do ex-juiz&hellip; <\/p>\n","protected":false},"author":1,"featured_media":99262,"comment_status":"closed","ping_status":"closed","sticky":false,"template":"","format":"standard","meta":{"sfsi_plus_gutenberg_text_before_share":"","sfsi_plus_gutenberg_show_text_before_share":"","sfsi_plus_gutenberg_icon_type":"","sfsi_plus_gutenberg_icon_alignemt":"","sfsi_plus_gutenburg_max_per_row":"","footnotes":""},"categories":[11],"tags":[],"class_list":["post-99581","post","type-post","status-publish","format-standard","has-post-thumbnail","hentry","category-politica"],"_links":{"self":[{"href":"https:\/\/www.caririemacao.com\/1\/wp-json\/wp\/v2\/posts\/99581","targetHints":{"allow":["GET"]}}],"collection":[{"href":"https:\/\/www.caririemacao.com\/1\/wp-json\/wp\/v2\/posts"}],"about":[{"href":"https:\/\/www.caririemacao.com\/1\/wp-json\/wp\/v2\/types\/post"}],"author":[{"embeddable":true,"href":"https:\/\/www.caririemacao.com\/1\/wp-json\/wp\/v2\/users\/1"}],"replies":[{"embeddable":true,"href":"https:\/\/www.caririemacao.com\/1\/wp-json\/wp\/v2\/comments?post=99581"}],"version-history":[{"count":1,"href":"https:\/\/www.caririemacao.com\/1\/wp-json\/wp\/v2\/posts\/99581\/revisions"}],"predecessor-version":[{"id":99582,"href":"https:\/\/www.caririemacao.com\/1\/wp-json\/wp\/v2\/posts\/99581\/revisions\/99582"}],"wp:featuredmedia":[{"embeddable":true,"href":"https:\/\/www.caririemacao.com\/1\/wp-json\/wp\/v2\/media\/99262"}],"wp:attachment":[{"href":"https:\/\/www.caririemacao.com\/1\/wp-json\/wp\/v2\/media?parent=99581"}],"wp:term":[{"taxonomy":"category","embeddable":true,"href":"https:\/\/www.caririemacao.com\/1\/wp-json\/wp\/v2\/categories?post=99581"},{"taxonomy":"post_tag","embeddable":true,"href":"https:\/\/www.caririemacao.com\/1\/wp-json\/wp\/v2\/tags?post=99581"}],"curies":[{"name":"wp","href":"https:\/\/api.w.org\/{rel}","templated":true}]}}