{"id":99585,"date":"2019-06-12T16:29:34","date_gmt":"2019-06-12T19:29:34","guid":{"rendered":"http:\/\/www.caririemacao.com\/1\/?p=99585"},"modified":"2019-06-12T16:29:34","modified_gmt":"2019-06-12T19:29:34","slug":"caixa-economica-anuncia-devolucao-de-r-3-bilhoes-ao-tesouro-nacional","status":"publish","type":"post","link":"https:\/\/www.caririemacao.com\/1\/2019\/06\/12\/caixa-economica-anuncia-devolucao-de-r-3-bilhoes-ao-tesouro-nacional\/","title":{"rendered":"Caixa Econ\u00f4mica anuncia devolu\u00e7\u00e3o de R$ 3 bilh\u00f5es ao Tesouro Nacional"},"content":{"rendered":"\n<p>O presidente da Caixa Econ\u00f4mica Federal (CEF), Pedro Guimar\u00e3es, anunciou nesta quarta-feira (12), ao lado do ministro da Economia, Paulo Guedes, que a institui\u00e7\u00e3o financeira vai devolver R$ 3 bilh\u00f5es ao governo federal.<\/p>\n\n\n\n<p>Esses recursos, contudo, n\u00e3o podem ser contabilizados como receitas prim\u00e1rias, ou seja, para uso no or\u00e7amento da Uni\u00e3o em gastos dos minist\u00e9rios. Os valores s\u00e3o classificados como financeiros e, deste modo, podem ser utilizados apenas para o abatimento da d\u00edvida p\u00fablica.<\/p>\n\n\n\n<p>&#8220;Essa \u00e9 uma determina\u00e7\u00e3o do ministro Guedes [a devolu\u00e7\u00e3o dos recursos]. N\u00e3o \u00e9 discuss\u00e3o de &#8216;management&#8217; [gerenciamento]. \u00c9 uma decis\u00e3o de governo que n\u00f3s vamos devolver o dinheiro&#8221;, declarou Guimar\u00e3es. Segundo ele, a estrat\u00e9gia da institui\u00e7\u00e3o financeira \u00e9 de devolver outros R$ 17 bilh\u00f5es at\u00e9 o fim de 2019.<\/p>\n\n\n\n<p>O ministro Paulo Guedes, lembrou que, durante a campanha eleitoral, no ano passado, sua equipe informou que iria &#8220;despedalar&#8221; os bancos p\u00fablicos, ou seja, devolver recursos emprestados.<\/p>\n\n\n\n<p>&#8220;Houve muitos empr\u00e9stimos da Uni\u00e3o aos bancos p\u00fablicos que cometeram excessos com recursos p\u00fablicos, como BNDES e Caixa. E essas &#8216;pedaladas&#8217; acabaram levando ao &#8216;impeachment&#8217; da presidente [Dilma]. E nossa responsabilidade \u00e9 devolver esses recursos \u00e0 Uni\u00e3o, e dentro, inclusive, das exig\u00eancias do TCU&#8221;, declarou.<\/p>\n\n\n\n<p>Segundo o ministro da Economia, \u00e9 a primeira vez que a Caixa devolve dinheiro para a Uni\u00e3o. &#8220;\u00c9 a primeira vez que a Caixa devolve dinheiro para a Uni\u00e3o. Isso merece at\u00e9 uma celebra\u00e7\u00e3o&#8221;, diz Guedes.<\/p>\n\n\n\n<p><strong>Saldo<\/strong><\/p>\n\n\n\n<p>Em janeiro deste ano, Guimar\u00e3es informou que a Caixa tem uma d\u00edvida com o governo de cerca de R$ 40 bilh\u00f5es por meio do chamado IHCD (Instrumento H\u00edbrido de Capital e D\u00edvida) sem prazo de pagamento, e acrescentou que isso n\u00e3o seria justo.<\/p>\n\n\n\n<p>Tamb\u00e9m informou, naquele momento, que a institui\u00e7\u00e3o financeira buscaria abrir o capital (venda de a\u00e7\u00f5es) de suas subsidi\u00e1rias \u2013 empresas controladas pela Caixa Econ\u00f4mica Federal \u2013 para pagar esse d\u00e9bito.<\/p>\n\n\n\n<p>As subsidi\u00e1rias que ser\u00e3o vendidas, segundo ele informou em janeiro, s\u00e3o de seguridade, cart\u00f5es, loterias e de administra\u00e7\u00e3o de ativos de terceiros (asset management). Em 2015, o governo chegou a anunciar a abertura de capital da Caixa Seguradora, mas o processo acabou n\u00e3o indo adiante.<\/p>\n\n\n\n<p>A Caixa \u00e9 uma empresa 100% p\u00fablica, que n\u00e3o tem capital aberto, isto \u00e9, a\u00e7\u00f5es negociadas em bolsa de valores \u2013 ao contr\u00e1rio do Banco do Brasil e da Petrobras, por exemplo, empresas de economia mista, com capital p\u00fablico e privado.<\/p>\n\n\n\n<p>De acordo com o secret\u00e1rio especial de Fazenda do Minist\u00e9rio da Economia, Waldery Rodrigues, os bancos p\u00fablicos devem, em Instrumentos H\u00edbridos de Capital e D\u00edvida (IHCD), R$ 83,3 bilh\u00f5es.<\/p>\n\n\n\n<ul class=\"wp-block-list\"><li>R$ 37,2 bilh\u00f5es da Caixa Econ\u00f4mica Federal (ap\u00f3s o pagamento de R$ 3 bilh\u00f5es anunciado),<\/li><li>R$ 36 bilh\u00f5es do Banco Nacional de Desenvolvimento Econ\u00f4mico e Social (BNDES),<\/li><li>R$ 8,1 bilh\u00f5es do Banco do Brasil,<\/li><li>R$ 1 bilh\u00e3o do Banco do Nordeste e<\/li><li>R$ 1 bilh\u00e3o do Banco da Amaz\u00f4nia.<\/li><\/ul>\n","protected":false},"excerpt":{"rendered":"<p>O presidente da Caixa Econ\u00f4mica Federal (CEF), Pedro Guimar\u00e3es, anunciou nesta quarta-feira (12), ao lado do ministro da Economia, Paulo Guedes, que a institui\u00e7\u00e3o financeira&hellip; <\/p>\n","protected":false},"author":1,"featured_media":73817,"comment_status":"closed","ping_status":"closed","sticky":false,"template":"","format":"standard","meta":{"sfsi_plus_gutenberg_text_before_share":"","sfsi_plus_gutenberg_show_text_before_share":"","sfsi_plus_gutenberg_icon_type":"","sfsi_plus_gutenberg_icon_alignemt":"","sfsi_plus_gutenburg_max_per_row":"","footnotes":""},"categories":[11],"tags":[],"class_list":["post-99585","post","type-post","status-publish","format-standard","has-post-thumbnail","hentry","category-politica"],"_links":{"self":[{"href":"https:\/\/www.caririemacao.com\/1\/wp-json\/wp\/v2\/posts\/99585","targetHints":{"allow":["GET"]}}],"collection":[{"href":"https:\/\/www.caririemacao.com\/1\/wp-json\/wp\/v2\/posts"}],"about":[{"href":"https:\/\/www.caririemacao.com\/1\/wp-json\/wp\/v2\/types\/post"}],"author":[{"embeddable":true,"href":"https:\/\/www.caririemacao.com\/1\/wp-json\/wp\/v2\/users\/1"}],"replies":[{"embeddable":true,"href":"https:\/\/www.caririemacao.com\/1\/wp-json\/wp\/v2\/comments?post=99585"}],"version-history":[{"count":1,"href":"https:\/\/www.caririemacao.com\/1\/wp-json\/wp\/v2\/posts\/99585\/revisions"}],"predecessor-version":[{"id":99586,"href":"https:\/\/www.caririemacao.com\/1\/wp-json\/wp\/v2\/posts\/99585\/revisions\/99586"}],"wp:featuredmedia":[{"embeddable":true,"href":"https:\/\/www.caririemacao.com\/1\/wp-json\/wp\/v2\/media\/73817"}],"wp:attachment":[{"href":"https:\/\/www.caririemacao.com\/1\/wp-json\/wp\/v2\/media?parent=99585"}],"wp:term":[{"taxonomy":"category","embeddable":true,"href":"https:\/\/www.caririemacao.com\/1\/wp-json\/wp\/v2\/categories?post=99585"},{"taxonomy":"post_tag","embeddable":true,"href":"https:\/\/www.caririemacao.com\/1\/wp-json\/wp\/v2\/tags?post=99585"}],"curies":[{"name":"wp","href":"https:\/\/api.w.org\/{rel}","templated":true}]}}