{"id":99600,"date":"2019-06-12T16:38:17","date_gmt":"2019-06-12T19:38:17","guid":{"rendered":"http:\/\/www.caririemacao.com\/1\/?p=99600"},"modified":"2019-06-12T16:38:17","modified_gmt":"2019-06-12T19:38:17","slug":"numero-de-denuncias-de-violencia-contra-idosos-na-paraiba-aumentou-87-em-2018","status":"publish","type":"post","link":"https:\/\/www.caririemacao.com\/1\/2019\/06\/12\/numero-de-denuncias-de-violencia-contra-idosos-na-paraiba-aumentou-87-em-2018\/","title":{"rendered":"N\u00famero de den\u00fancias de viol\u00eancia contra idosos na Para\u00edba aumentou 8,7% em 2018"},"content":{"rendered":"\n<p>Levantamento feito pelo Minist\u00e9rio da Mulher, da Fam\u00edlia e dos Direitos Humanos revelou que, no ano passado, o Disque 100 registrou um aumento de 8,7% no n\u00famero de den\u00fancias sobre viol\u00eancia contra idosos, em rela\u00e7\u00e3o ao ano anterior, no estado da Para\u00edba.<\/p>\n\n\n\n<p>A pasta detalhou a forma como as ocorr\u00eancias se distribuem geograficamente.&nbsp;No per\u00edodo de 2011 a 2018, houve um aumento total de 248% na Para\u00edba.<\/p>\n\n\n\n<p>O estado de S\u00e3o Paulo aparece em primeiro lugar na lista, concentrando 9.010 dos casos reportados. O estado de Minas Gerais ocupa a segunda posi\u00e7\u00e3o, com 5.379 registros, seguido por Rio de Janeiro, com 5.035 e Rio Grande do Sul, que responde por 1.919 ocorr\u00eancias.<br><\/p>\n\n\n\n<p>De acordo com a assessoria de imprensa da pasta, o servi\u00e7o de atendimento recebeu 37.454 notifica\u00e7\u00f5es, sendo que a maioria das agress\u00f5es foi cometida nas resid\u00eancias das v\u00edtimas (85,6%), por filhos (52,9%) e netos (7,8%).<\/p>\n\n\n\n<p>Divulgado nesta ter\u00e7a-feira (11), o levantamento mostra dados de todo o Brasil, revelando que&nbsp;a suscetibilidade das mulheres idosas \u00e9 maior. Elas foram v\u00edtimas em 62,6% dos casos e os homens, em 32,2%. Em 5,1% dos registros, o g\u00eanero da v\u00edtima n\u00e3o foi informado.<\/p>\n\n\n\n<p>Quanto \u00e0 faixa et\u00e1ria, os dois perfis que predominam s\u00e3o de pessoas com idade entre 76 e 80 anos (18,3%) e entre 66 e 70 anos (16,2%). O relat\u00f3rio tamb\u00e9m destaca que quase metade das v\u00edtimas (41,5%) se declarou branca, 26,6% eram pardas, 9,9% pretas e 0,7% amarelas. As v\u00edtimas de origem ind\u00edgena representam 0,4% do total.<\/p>\n\n\n\n<p>As viola\u00e7\u00f5es mais comuns foram a neglig\u00eancia (38%); a viol\u00eancia psicol\u00f3gica (26,5%), configurada quando h\u00e1 gestos de humilha\u00e7\u00e3o, hostiliza\u00e7\u00e3o ou xingamentos; e a viol\u00eancia patrimonial, que ocorre quando o idoso tem seu sal\u00e1rio retido ou seus bens destru\u00eddos (19,9%). A viol\u00eancia f\u00edsica figura em quarto lugar, estando presente em 12,6% dos relatos levados ao Disque 100.&nbsp;<\/p>\n\n\n\n<p>O minist\u00e9rio informa que, em alguns casos, mais de um tipo de viol\u00eancia foi cometido e, portanto, comunicado \u00e0 central.<\/p>\n\n\n\n<p>Para o secret\u00e1rio nacional de Promo\u00e7\u00e3o e Defesa dos Direitos da Pessoa Idosa do minist\u00e9rio, Ant\u00f4nio Costa, a viol\u00eancia contra idosos vai al\u00e9m de agress\u00f5es classificadas como maus tratos. Para ele, o abandono e a exclus\u00e3o social dessas pessoas tamb\u00e9m focalizam a quest\u00e3o.<\/p>\n\n\n\n<p>Uma das a\u00e7\u00f5es governamentais de prote\u00e7\u00e3o a pessoas idosas \u00e9 o Programa Viver \u2013 Envelhecimento Ativo e Saud\u00e1vel, que tem como finalidade a amplia\u00e7\u00e3o de oportunidades aos idosos, atrav\u00e9s da inclus\u00e3o digital e social. As a\u00e7\u00f5es abrangem as \u00e1reas da tecnologia, educa\u00e7\u00e3o, sa\u00fade e mobilidade f\u00edsica.<\/p>\n\n\n\n<p>\u201cO programa tem o prop\u00f3sito de resgatar a autoestima, conscientizar a pessoa idosa no \u00e2mbito da educa\u00e7\u00e3o financeira e dos direitos a ela inerentes&#8221;, disse Costa.<\/p>\n\n\n\n<p>Al\u00e9m do programa, o governo federal articula a Campanha Junho Lil\u00e1s, que visa prevenir e identificar situa\u00e7\u00f5es de abuso contra idosos. Lan\u00e7ada no \u00faltimo dia 3, a iniciativa integra um movimento global de alus\u00e3o ao Dia Internacional de Conscientiza\u00e7\u00e3o e Combate \u00e0 Viol\u00eancia contra a Pessoa Idosa, celebrado no dia 15 de junho.<\/p>\n","protected":false},"excerpt":{"rendered":"<p>Levantamento feito pelo Minist\u00e9rio da Mulher, da Fam\u00edlia e dos Direitos Humanos revelou que, no ano passado, o Disque 100 registrou um aumento de 8,7%&hellip; <\/p>\n","protected":false},"author":1,"featured_media":20215,"comment_status":"closed","ping_status":"closed","sticky":false,"template":"","format":"standard","meta":{"sfsi_plus_gutenberg_text_before_share":"","sfsi_plus_gutenberg_show_text_before_share":"","sfsi_plus_gutenberg_icon_type":"","sfsi_plus_gutenberg_icon_alignemt":"","sfsi_plus_gutenburg_max_per_row":"","footnotes":""},"categories":[2],"tags":[],"class_list":["post-99600","post","type-post","status-publish","format-standard","has-post-thumbnail","hentry","category-geral"],"_links":{"self":[{"href":"https:\/\/www.caririemacao.com\/1\/wp-json\/wp\/v2\/posts\/99600","targetHints":{"allow":["GET"]}}],"collection":[{"href":"https:\/\/www.caririemacao.com\/1\/wp-json\/wp\/v2\/posts"}],"about":[{"href":"https:\/\/www.caririemacao.com\/1\/wp-json\/wp\/v2\/types\/post"}],"author":[{"embeddable":true,"href":"https:\/\/www.caririemacao.com\/1\/wp-json\/wp\/v2\/users\/1"}],"replies":[{"embeddable":true,"href":"https:\/\/www.caririemacao.com\/1\/wp-json\/wp\/v2\/comments?post=99600"}],"version-history":[{"count":1,"href":"https:\/\/www.caririemacao.com\/1\/wp-json\/wp\/v2\/posts\/99600\/revisions"}],"predecessor-version":[{"id":99601,"href":"https:\/\/www.caririemacao.com\/1\/wp-json\/wp\/v2\/posts\/99600\/revisions\/99601"}],"wp:featuredmedia":[{"embeddable":true,"href":"https:\/\/www.caririemacao.com\/1\/wp-json\/wp\/v2\/media\/20215"}],"wp:attachment":[{"href":"https:\/\/www.caririemacao.com\/1\/wp-json\/wp\/v2\/media?parent=99600"}],"wp:term":[{"taxonomy":"category","embeddable":true,"href":"https:\/\/www.caririemacao.com\/1\/wp-json\/wp\/v2\/categories?post=99600"},{"taxonomy":"post_tag","embeddable":true,"href":"https:\/\/www.caririemacao.com\/1\/wp-json\/wp\/v2\/tags?post=99600"}],"curies":[{"name":"wp","href":"https:\/\/api.w.org\/{rel}","templated":true}]}}