{"id":99604,"date":"2019-06-12T16:42:33","date_gmt":"2019-06-12T19:42:33","guid":{"rendered":"http:\/\/www.caririemacao.com\/1\/?p=99604"},"modified":"2019-06-12T16:42:33","modified_gmt":"2019-06-12T19:42:33","slug":"nacional-jovem-fala-sobre-puberdade-precoce","status":"publish","type":"post","link":"https:\/\/www.caririemacao.com\/1\/2019\/06\/12\/nacional-jovem-fala-sobre-puberdade-precoce\/","title":{"rendered":"Nacional Jovem fala sobre puberdade precoce"},"content":{"rendered":"\n<p>A puberdade \u00e9 um ciclo da vida em que ocorrem mudan\u00e7as f\u00edsicas e hormonais &#8211; geralmente quando a crian\u00e7a tem por volta de 10 e 11 anos.&nbsp;De acordo com Karla, \u00e9&nbsp;precoce quando ocorre antes dos oito anos em meninas e dos nove em meninos.&nbsp;<\/p>\n\n\n\n<h3 class=\"wp-block-heading\">&#8220;A puberdade precoce \u00e9 uma disfun\u00e7\u00e3o que precisa ser reconhecida, diagnosticada e tem tratamento para isso&#8221;, afirmou.&nbsp;<\/h3>\n\n\n\n<p>Segunda a m\u00e9dica, em mais de 90% dos casos ainda n\u00e3o se reconhecem as causas que levam \u00e0s mudan\u00e7as precoces no corpo das meninas. Nos meninos, dois ter\u00e7os dos casos est\u00e3o ligados a algum tipo de dist\u00farbio no sistema nervoso central.&nbsp;<\/p>\n\n\n\n<p>Karla apontou o aumento da velocidade de crescimento, acnes e p\u00ealos pubianos como os principais sintomas.<\/p>\n\n\n\n<p>A m\u00e9dica declarou que, quando n\u00e3o acompanhada por um m\u00e9dico, pode resultar em&nbsp;depress\u00e3o, comportamento antissocial, transtornos alimentares, precocidade do in\u00edcio da atividade sexual e gravidez indesejada.<\/p>\n","protected":false},"excerpt":{"rendered":"<p>A puberdade \u00e9 um ciclo da vida em que ocorrem mudan\u00e7as f\u00edsicas e hormonais &#8211; geralmente quando a crian\u00e7a tem por volta de 10 e&hellip; <\/p>\n","protected":false},"author":1,"featured_media":99605,"comment_status":"closed","ping_status":"closed","sticky":false,"template":"","format":"standard","meta":{"sfsi_plus_gutenberg_text_before_share":"","sfsi_plus_gutenberg_show_text_before_share":"","sfsi_plus_gutenberg_icon_type":"","sfsi_plus_gutenberg_icon_alignemt":"","sfsi_plus_gutenburg_max_per_row":"","footnotes":""},"categories":[16],"tags":[],"class_list":["post-99604","post","type-post","status-publish","format-standard","has-post-thumbnail","hentry","category-saude"],"_links":{"self":[{"href":"https:\/\/www.caririemacao.com\/1\/wp-json\/wp\/v2\/posts\/99604","targetHints":{"allow":["GET"]}}],"collection":[{"href":"https:\/\/www.caririemacao.com\/1\/wp-json\/wp\/v2\/posts"}],"about":[{"href":"https:\/\/www.caririemacao.com\/1\/wp-json\/wp\/v2\/types\/post"}],"author":[{"embeddable":true,"href":"https:\/\/www.caririemacao.com\/1\/wp-json\/wp\/v2\/users\/1"}],"replies":[{"embeddable":true,"href":"https:\/\/www.caririemacao.com\/1\/wp-json\/wp\/v2\/comments?post=99604"}],"version-history":[{"count":1,"href":"https:\/\/www.caririemacao.com\/1\/wp-json\/wp\/v2\/posts\/99604\/revisions"}],"predecessor-version":[{"id":99606,"href":"https:\/\/www.caririemacao.com\/1\/wp-json\/wp\/v2\/posts\/99604\/revisions\/99606"}],"wp:featuredmedia":[{"embeddable":true,"href":"https:\/\/www.caririemacao.com\/1\/wp-json\/wp\/v2\/media\/99605"}],"wp:attachment":[{"href":"https:\/\/www.caririemacao.com\/1\/wp-json\/wp\/v2\/media?parent=99604"}],"wp:term":[{"taxonomy":"category","embeddable":true,"href":"https:\/\/www.caririemacao.com\/1\/wp-json\/wp\/v2\/categories?post=99604"},{"taxonomy":"post_tag","embeddable":true,"href":"https:\/\/www.caririemacao.com\/1\/wp-json\/wp\/v2\/tags?post=99604"}],"curies":[{"name":"wp","href":"https:\/\/api.w.org\/{rel}","templated":true}]}}