{"id":99617,"date":"2019-06-13T06:12:15","date_gmt":"2019-06-13T09:12:15","guid":{"rendered":"http:\/\/www.caririemacao.com\/1\/?p=99617"},"modified":"2019-06-13T06:12:15","modified_gmt":"2019-06-13T09:12:15","slug":"prefeitura-de-caraubas-realiza-obras-de-infraestrutura-dos-canteiros-centrais-da-praca-de-eventos","status":"publish","type":"post","link":"https:\/\/www.caririemacao.com\/1\/2019\/06\/13\/prefeitura-de-caraubas-realiza-obras-de-infraestrutura-dos-canteiros-centrais-da-praca-de-eventos\/","title":{"rendered":"Prefeitura de Cara\u00fabas realiza obras de infraestrutura dos canteiros centrais da pra\u00e7a de eventos"},"content":{"rendered":"\n<p>A Prefeitura Municipal de Cara\u00fabas atrav\u00e9s da Secretaria de Obras P\u00fablicas e Servi\u00e7os Urbanos vem realizando desde o m\u00eas de Maio melhoramento da infraestrutura da pra\u00e7a de eventos do S\u00e3o Pedro da cidade. Os canteiros centrais da Rua Joaquim Galdino Santiago est\u00e3o sendo pavimentados e sendo colocado lances de arquibancada.De acordo com Jos\u00e9 Marcelo, secret\u00e1rio de Obras do munic\u00edpio, a inten\u00e7\u00e3o do prefeito \u00e9 a de melhorar a infraestrutura do local onde se realiza o maior e melhor evento do cariri paraibano, a tradicional festa de S\u00e3o Pedro. Estamos pavimentando os canteiros centrais para que as pessoas possam ter um espa\u00e7o adequado de assistir aos shows em \u00e9poca de evento, ou de uma \u00e1rea de lazer durante todo o ano, afirmou ele.J\u00e1 o prefeito Silvano Dudu disse que est\u00e1 investindo mais de R$ 10.000,00 (Dez Mil Reais) com a contrata\u00e7\u00e3o de m\u00e3o de obra e compra de material para estruturar a \u00e1rea. Gostar\u00edamos de poder fazer mais e maior, infelizmente os recursos s\u00e3o poucos e n\u00e3o temos como comprometer outras a\u00e7\u00f5es importantes e que n\u00e3o devem sofrer com a descontinuidade, disse ele.Termos j\u00e1 no evento deste ano essa inova\u00e7\u00e3o na pra\u00e7a de eventos, o que ir\u00e1 proporcionar melhor estrutura para comerciantes, barraqueiros, turistas e visitantes. Vamos manter os canteiros centrais, s\u00f3 que agora totalmente urbanizados, retirando a poeira e a lama. Sempre foi um transtorno realizar nosso principal evento tur\u00edstico, exatamente pela falta de infraestrutura, finalizou o prefeito.\u00c9 inten\u00e7\u00e3o da Prefeitura de Cara\u00fabas d\u00e1 log\u00edstica e infraestrutura ao local garantindo mais comodidade e seguran\u00e7a aos caraubenses. O espa\u00e7o \u00e9 amplo e precisamos ocupar essa \u00e1rea p\u00fablica com a infraestrutura necess\u00e1ria. Em ano anteriores n\u00e3o tivemos como realizar essas melhorias que hoje est\u00e3o sendo gradativamente implantadas, disse o secret\u00e1rio Jos\u00e9 Marcelo, de Obras P\u00fablicas e Servi\u00e7os Urbanos.&nbsp;<\/p>\n","protected":false},"excerpt":{"rendered":"<p>A Prefeitura Municipal de Cara\u00fabas atrav\u00e9s da Secretaria de Obras P\u00fablicas e Servi\u00e7os Urbanos vem realizando desde o m\u00eas de Maio melhoramento da infraestrutura da&hellip; <\/p>\n","protected":false},"author":1,"featured_media":99618,"comment_status":"closed","ping_status":"closed","sticky":false,"template":"","format":"standard","meta":{"sfsi_plus_gutenberg_text_before_share":"","sfsi_plus_gutenberg_show_text_before_share":"","sfsi_plus_gutenberg_icon_type":"","sfsi_plus_gutenberg_icon_alignemt":"","sfsi_plus_gutenburg_max_per_row":"","footnotes":""},"categories":[6],"tags":[],"class_list":["post-99617","post","type-post","status-publish","format-standard","has-post-thumbnail","hentry","category-cidades"],"_links":{"self":[{"href":"https:\/\/www.caririemacao.com\/1\/wp-json\/wp\/v2\/posts\/99617","targetHints":{"allow":["GET"]}}],"collection":[{"href":"https:\/\/www.caririemacao.com\/1\/wp-json\/wp\/v2\/posts"}],"about":[{"href":"https:\/\/www.caririemacao.com\/1\/wp-json\/wp\/v2\/types\/post"}],"author":[{"embeddable":true,"href":"https:\/\/www.caririemacao.com\/1\/wp-json\/wp\/v2\/users\/1"}],"replies":[{"embeddable":true,"href":"https:\/\/www.caririemacao.com\/1\/wp-json\/wp\/v2\/comments?post=99617"}],"version-history":[{"count":1,"href":"https:\/\/www.caririemacao.com\/1\/wp-json\/wp\/v2\/posts\/99617\/revisions"}],"predecessor-version":[{"id":99619,"href":"https:\/\/www.caririemacao.com\/1\/wp-json\/wp\/v2\/posts\/99617\/revisions\/99619"}],"wp:featuredmedia":[{"embeddable":true,"href":"https:\/\/www.caririemacao.com\/1\/wp-json\/wp\/v2\/media\/99618"}],"wp:attachment":[{"href":"https:\/\/www.caririemacao.com\/1\/wp-json\/wp\/v2\/media?parent=99617"}],"wp:term":[{"taxonomy":"category","embeddable":true,"href":"https:\/\/www.caririemacao.com\/1\/wp-json\/wp\/v2\/categories?post=99617"},{"taxonomy":"post_tag","embeddable":true,"href":"https:\/\/www.caririemacao.com\/1\/wp-json\/wp\/v2\/tags?post=99617"}],"curies":[{"name":"wp","href":"https:\/\/api.w.org\/{rel}","templated":true}]}}