{"id":99623,"date":"2019-06-13T06:14:36","date_gmt":"2019-06-13T09:14:36","guid":{"rendered":"http:\/\/www.caririemacao.com\/1\/?p=99623"},"modified":"2019-06-13T06:14:36","modified_gmt":"2019-06-13T09:14:36","slug":"pente-fino-localiza-varios-celulares-na-cadeia-publica-de-monteiro","status":"publish","type":"post","link":"https:\/\/www.caririemacao.com\/1\/2019\/06\/13\/pente-fino-localiza-varios-celulares-na-cadeia-publica-de-monteiro\/","title":{"rendered":"Pente fino localiza v\u00e1rios celulares na cadeia p\u00fablica de Monteiro"},"content":{"rendered":"\n<p>Uma Opera\u00e7\u00e3o \u201cPente Fino\u201d realizada nesta quarta-feira (12), na cadeia p\u00fablica de Monteiro no Cariri Paraibano, resultou na apreens\u00e3o de v\u00e1rios aparelhos celulares e carregadores.<\/p>\n\n\n\n<p>Segundo informa\u00e7\u00f5es, a a\u00e7\u00e3o contou com efetivo dos Agentes Penitenci\u00e1rios e o GPOE. Grupo Penitenci\u00e1rio de Opera\u00e7\u00f5es Especiais, que fizeram uma varredura na cadeia onde encontraram durante a opera\u00e7\u00e3o, 06 aparelhos celulares, 19 espetos artesanais, 01 faca artesanal, 03 carregadores para celular, 03 chip tim, 01 chip claro, 01 cachimbos.<\/p>\n\n\n\n<p>OPIPOCO<\/p>\n","protected":false},"excerpt":{"rendered":"<p>Uma Opera\u00e7\u00e3o \u201cPente Fino\u201d realizada nesta quarta-feira (12), na cadeia p\u00fablica de Monteiro no Cariri Paraibano, resultou na apreens\u00e3o de v\u00e1rios aparelhos celulares e carregadores.&hellip; <\/p>\n","protected":false},"author":1,"featured_media":99624,"comment_status":"closed","ping_status":"closed","sticky":false,"template":"","format":"standard","meta":{"sfsi_plus_gutenberg_text_before_share":"","sfsi_plus_gutenberg_show_text_before_share":"","sfsi_plus_gutenberg_icon_type":"","sfsi_plus_gutenberg_icon_alignemt":"","sfsi_plus_gutenburg_max_per_row":"","footnotes":""},"categories":[50,12],"tags":[],"class_list":["post-99623","post","type-post","status-publish","format-standard","has-post-thumbnail","hentry","category-destaque","category-policia"],"_links":{"self":[{"href":"https:\/\/www.caririemacao.com\/1\/wp-json\/wp\/v2\/posts\/99623","targetHints":{"allow":["GET"]}}],"collection":[{"href":"https:\/\/www.caririemacao.com\/1\/wp-json\/wp\/v2\/posts"}],"about":[{"href":"https:\/\/www.caririemacao.com\/1\/wp-json\/wp\/v2\/types\/post"}],"author":[{"embeddable":true,"href":"https:\/\/www.caririemacao.com\/1\/wp-json\/wp\/v2\/users\/1"}],"replies":[{"embeddable":true,"href":"https:\/\/www.caririemacao.com\/1\/wp-json\/wp\/v2\/comments?post=99623"}],"version-history":[{"count":1,"href":"https:\/\/www.caririemacao.com\/1\/wp-json\/wp\/v2\/posts\/99623\/revisions"}],"predecessor-version":[{"id":99625,"href":"https:\/\/www.caririemacao.com\/1\/wp-json\/wp\/v2\/posts\/99623\/revisions\/99625"}],"wp:featuredmedia":[{"embeddable":true,"href":"https:\/\/www.caririemacao.com\/1\/wp-json\/wp\/v2\/media\/99624"}],"wp:attachment":[{"href":"https:\/\/www.caririemacao.com\/1\/wp-json\/wp\/v2\/media?parent=99623"}],"wp:term":[{"taxonomy":"category","embeddable":true,"href":"https:\/\/www.caririemacao.com\/1\/wp-json\/wp\/v2\/categories?post=99623"},{"taxonomy":"post_tag","embeddable":true,"href":"https:\/\/www.caririemacao.com\/1\/wp-json\/wp\/v2\/tags?post=99623"}],"curies":[{"name":"wp","href":"https:\/\/api.w.org\/{rel}","templated":true}]}}