{"id":99637,"date":"2019-06-13T06:19:17","date_gmt":"2019-06-13T09:19:17","guid":{"rendered":"http:\/\/www.caririemacao.com\/1\/?p=99637"},"modified":"2019-06-13T06:19:17","modified_gmt":"2019-06-13T09:19:17","slug":"assistente-social-realizou-atividades-no-scfv-relacionadas-ao-dia-de-combate-ao-trabalho-infantil","status":"publish","type":"post","link":"https:\/\/www.caririemacao.com\/1\/2019\/06\/13\/assistente-social-realizou-atividades-no-scfv-relacionadas-ao-dia-de-combate-ao-trabalho-infantil\/","title":{"rendered":"Assistente Social realizou atividades no SCFV relacionadas ao Dia de Combate ao Trabalho Infantil"},"content":{"rendered":"\n<p>Na manh\u00e3 desta quarta-feira (12) a Assistente Social do CRAS Cilene Macedo esteve realizando um momento especial com as crian\u00e7as que utilizam do Servi\u00e7o de Conviv\u00eancia e Fortalecimento de V\u00ednculos no munic\u00edpio com o tema \u201c12 de Junho, Dia Nacional do Combate ao Trabalho Infantil\u201d.<\/p>\n\n\n\n<figure class=\"wp-block-image\"><img decoding=\"async\" data-src=\"https:\/\/1.bp.blogspot.com\/-sz8Fw3KNLXk\/XQGBg0gUsaI\/AAAAAAABBNk\/ahUQUz2PbMsIC366oa9Jp9kyvFqTSeQhACLcBGAs\/s640\/WhatsApp%2BImage%2B2019-06-12%2Bat%2B3.43.13%2BPM.jpeg\" alt=\"\" src=\"data:image\/svg+xml;base64,PHN2ZyB3aWR0aD0iMSIgaGVpZ2h0PSIxIiB4bWxucz0iaHR0cDovL3d3dy53My5vcmcvMjAwMC9zdmciPjwvc3ZnPg==\" class=\"lazyload\" \/><\/figure>\n\n\n\n<p>A Assistente Social juntamente com a equipe de Apoio do SCFV esteve promovendo oficinas, teatro, roda de conversa e confec\u00e7\u00e3o de cartazes feitos pelas pr\u00f3prias crian\u00e7as do programa.<\/p>\n\n\n\n<figure class=\"wp-block-image\"><img decoding=\"async\" data-src=\"https:\/\/1.bp.blogspot.com\/-8WQ4m9_HG6c\/XQGBkRfvMDI\/AAAAAAABBNo\/LuFU__-aUnEIq6Vq7lnh1Y6L2qENw5alQCLcBGAs\/s640\/WhatsApp%2BImage%2B2019-06-12%2Bat%2B3.41.45%2BPM.jpeg\" alt=\"\" src=\"data:image\/svg+xml;base64,PHN2ZyB3aWR0aD0iMSIgaGVpZ2h0PSIxIiB4bWxucz0iaHR0cDovL3d3dy53My5vcmcvMjAwMC9zdmciPjwvc3ZnPg==\" class=\"lazyload\" \/><\/figure>\n\n\n\n<p>O dia 12 de junho \u00e9 o dia nacional e internacional de combate ao trabalho infantil. Essa data \u00e9 uma oportunidade para sensibilizar, informar, debater e dar destaque ao combate a essa viola\u00e7\u00e3o de direitos de crian\u00e7as e adolescentes. Assim, precisamos potencializar nossos esfor\u00e7os para acelerar a erradica\u00e7\u00e3o do trabalho infantil no Brasil. O MDS, por meio da Secretaria Nacional de Assist\u00eancia Social, tem promovido o fortalecimento de uma agenda intersetorial de combate ao trabalho infantil, integrando a\u00e7\u00f5es das pol\u00edticas p\u00fablicas de Assist\u00eancia Social, Educa\u00e7\u00e3o, Sa\u00fade, Direitos Humanos e Trabalho (fiscaliza\u00e7\u00e3o e aprendizagem).<\/p>\n\n\n\n<figure class=\"wp-block-image\"><a href=\"https:\/\/1.bp.blogspot.com\/-mD-CPGdfag8\/XQGBo_dwpUI\/AAAAAAABBN0\/INgGWjgpBzwC-3aEZtGpf_q0l9mFJYwhgCLcBGAs\/s1600\/WhatsApp%2BImage%2B2019-06-12%2Bat%2B3.41.44%2BPM.jpeg\"><img decoding=\"async\" data-src=\"https:\/\/1.bp.blogspot.com\/-mD-CPGdfag8\/XQGBo_dwpUI\/AAAAAAABBN0\/INgGWjgpBzwC-3aEZtGpf_q0l9mFJYwhgCLcBGAs\/s640\/WhatsApp%2BImage%2B2019-06-12%2Bat%2B3.41.44%2BPM.jpeg\" alt=\"\" src=\"data:image\/svg+xml;base64,PHN2ZyB3aWR0aD0iMSIgaGVpZ2h0PSIxIiB4bWxucz0iaHR0cDovL3d3dy53My5vcmcvMjAwMC9zdmciPjwvc3ZnPg==\" class=\"lazyload\" \/><\/a><\/figure>\n\n\n\n<figure class=\"wp-block-image\"><a href=\"https:\/\/1.bp.blogspot.com\/-5dU-uDtgoi8\/XQGBoy_rbdI\/AAAAAAABBN4\/Sg_SjDHqW-08ecviQYn2yKZW5-3LPpWfgCLcBGAs\/s1600\/WhatsApp%2BImage%2B2019-06-12%2Bat%2B3.43.11%2BPM.jpeg\"><img decoding=\"async\" data-src=\"https:\/\/1.bp.blogspot.com\/-5dU-uDtgoi8\/XQGBoy_rbdI\/AAAAAAABBN4\/Sg_SjDHqW-08ecviQYn2yKZW5-3LPpWfgCLcBGAs\/s640\/WhatsApp%2BImage%2B2019-06-12%2Bat%2B3.43.11%2BPM.jpeg\" alt=\"\" src=\"data:image\/svg+xml;base64,PHN2ZyB3aWR0aD0iMSIgaGVpZ2h0PSIxIiB4bWxucz0iaHR0cDovL3d3dy53My5vcmcvMjAwMC9zdmciPjwvc3ZnPg==\" class=\"lazyload\" \/><\/a><\/figure>\n\n\n\n<figure class=\"wp-block-image\"><a href=\"https:\/\/1.bp.blogspot.com\/-aF76PBqRB30\/XQGBoyQoKTI\/AAAAAAABBNw\/xHgIDQXVLYsgU_h09-14nJAafM5mbG67ACLcBGAs\/s1600\/WhatsApp%2BImage%2B2019-06-12%2Bat%2B3.43.12%2BPM.jpeg\"><img decoding=\"async\" data-src=\"https:\/\/1.bp.blogspot.com\/-aF76PBqRB30\/XQGBoyQoKTI\/AAAAAAABBNw\/xHgIDQXVLYsgU_h09-14nJAafM5mbG67ACLcBGAs\/s640\/WhatsApp%2BImage%2B2019-06-12%2Bat%2B3.43.12%2BPM.jpeg\" alt=\"\" src=\"data:image\/svg+xml;base64,PHN2ZyB3aWR0aD0iMSIgaGVpZ2h0PSIxIiB4bWxucz0iaHR0cDovL3d3dy53My5vcmcvMjAwMC9zdmciPjwvc3ZnPg==\" class=\"lazyload\" \/><\/a><\/figure>\n\n\n\n<figure class=\"wp-block-image\"><a href=\"https:\/\/1.bp.blogspot.com\/-9SmgecsZpCc\/XQGBqDiIAFI\/AAAAAAABBN8\/pAIQ_pr5waATwWyLs507f_TvZPeVnxGJQCLcBGAs\/s1600\/WhatsApp%2BImage%2B2019-06-12%2Bat%2B3.43.13%2BPM%2B%25281%2529.jpeg\"><img decoding=\"async\" data-src=\"https:\/\/1.bp.blogspot.com\/-9SmgecsZpCc\/XQGBqDiIAFI\/AAAAAAABBN8\/pAIQ_pr5waATwWyLs507f_TvZPeVnxGJQCLcBGAs\/s640\/WhatsApp%2BImage%2B2019-06-12%2Bat%2B3.43.13%2BPM%2B%25281%2529.jpeg\" alt=\"\" src=\"data:image\/svg+xml;base64,PHN2ZyB3aWR0aD0iMSIgaGVpZ2h0PSIxIiB4bWxucz0iaHR0cDovL3d3dy53My5vcmcvMjAwMC9zdmciPjwvc3ZnPg==\" class=\"lazyload\" \/><\/a><\/figure>\n\n\n\n<p>Amparo Ligado<\/p>\n","protected":false},"excerpt":{"rendered":"<p>Na manh\u00e3 desta quarta-feira (12) a Assistente Social do CRAS Cilene Macedo esteve realizando um momento especial com as crian\u00e7as que utilizam do Servi\u00e7o de&hellip; <\/p>\n","protected":false},"author":1,"featured_media":99638,"comment_status":"closed","ping_status":"closed","sticky":false,"template":"","format":"standard","meta":{"sfsi_plus_gutenberg_text_before_share":"","sfsi_plus_gutenberg_show_text_before_share":"","sfsi_plus_gutenberg_icon_type":"","sfsi_plus_gutenberg_icon_alignemt":"","sfsi_plus_gutenburg_max_per_row":"","footnotes":""},"categories":[2],"tags":[],"class_list":["post-99637","post","type-post","status-publish","format-standard","has-post-thumbnail","hentry","category-geral"],"_links":{"self":[{"href":"https:\/\/www.caririemacao.com\/1\/wp-json\/wp\/v2\/posts\/99637","targetHints":{"allow":["GET"]}}],"collection":[{"href":"https:\/\/www.caririemacao.com\/1\/wp-json\/wp\/v2\/posts"}],"about":[{"href":"https:\/\/www.caririemacao.com\/1\/wp-json\/wp\/v2\/types\/post"}],"author":[{"embeddable":true,"href":"https:\/\/www.caririemacao.com\/1\/wp-json\/wp\/v2\/users\/1"}],"replies":[{"embeddable":true,"href":"https:\/\/www.caririemacao.com\/1\/wp-json\/wp\/v2\/comments?post=99637"}],"version-history":[{"count":1,"href":"https:\/\/www.caririemacao.com\/1\/wp-json\/wp\/v2\/posts\/99637\/revisions"}],"predecessor-version":[{"id":99639,"href":"https:\/\/www.caririemacao.com\/1\/wp-json\/wp\/v2\/posts\/99637\/revisions\/99639"}],"wp:featuredmedia":[{"embeddable":true,"href":"https:\/\/www.caririemacao.com\/1\/wp-json\/wp\/v2\/media\/99638"}],"wp:attachment":[{"href":"https:\/\/www.caririemacao.com\/1\/wp-json\/wp\/v2\/media?parent=99637"}],"wp:term":[{"taxonomy":"category","embeddable":true,"href":"https:\/\/www.caririemacao.com\/1\/wp-json\/wp\/v2\/categories?post=99637"},{"taxonomy":"post_tag","embeddable":true,"href":"https:\/\/www.caririemacao.com\/1\/wp-json\/wp\/v2\/tags?post=99637"}],"curies":[{"name":"wp","href":"https:\/\/api.w.org\/{rel}","templated":true}]}}