{"id":99643,"date":"2019-06-13T06:23:23","date_gmt":"2019-06-13T09:23:23","guid":{"rendered":"http:\/\/www.caririemacao.com\/1\/?p=99643"},"modified":"2019-06-13T06:23:23","modified_gmt":"2019-06-13T09:23:23","slug":"mais-uma-noite-de-grande-publico-foi-registrada-no-arraia-do-povo-em-camalau","status":"publish","type":"post","link":"https:\/\/www.caririemacao.com\/1\/2019\/06\/13\/mais-uma-noite-de-grande-publico-foi-registrada-no-arraia-do-povo-em-camalau\/","title":{"rendered":"Mais uma noite de grande p\u00fablico foi registrada no Arrai\u00e1 do Povo em Camala\u00fa"},"content":{"rendered":"\n<p>O Arrai\u00e1 do Povo mais uma vez foi um sucesso estrondoso na cidade de Camala\u00fa.<br>Promovido pela gest\u00e3o municipal, criado no governo do prefeito Sandro M\u00f4co, o evento caiu de vez no gosto da popula\u00e7\u00e3o que comparece em peso e se diverte bastante em cada uma das noites de festividade.<br>Nesta ter\u00e7a feira (11), a quadrilha junina foi realizada no S\u00edtio Raposa, na resid\u00eancia de \u201cSeu Man\u00e9 Piu\u201d e mais uma vez foi sucesso.<br>\u201cEstamos muito felizes pela receptividade do p\u00fablico \u00e0 nossa iniciativa, e esperamos que a cada noite, a popula\u00e7\u00e3o possa se divertir bastante com as nossas quadrilhas juninas\u201d, afirmou o prefeito Sandro M\u00f4co.<br><strong>F\u00c1BIO BRITO<\/strong><\/p>\n","protected":false},"excerpt":{"rendered":"<p>O Arrai\u00e1 do Povo mais uma vez foi um sucesso estrondoso na cidade de Camala\u00fa.Promovido pela gest\u00e3o municipal, criado no governo do prefeito Sandro M\u00f4co,&hellip; <\/p>\n","protected":false},"author":1,"featured_media":99644,"comment_status":"closed","ping_status":"closed","sticky":false,"template":"","format":"standard","meta":{"sfsi_plus_gutenberg_text_before_share":"","sfsi_plus_gutenberg_show_text_before_share":"","sfsi_plus_gutenberg_icon_type":"","sfsi_plus_gutenberg_icon_alignemt":"","sfsi_plus_gutenburg_max_per_row":"","footnotes":""},"categories":[2],"tags":[],"class_list":["post-99643","post","type-post","status-publish","format-standard","has-post-thumbnail","hentry","category-geral"],"_links":{"self":[{"href":"https:\/\/www.caririemacao.com\/1\/wp-json\/wp\/v2\/posts\/99643","targetHints":{"allow":["GET"]}}],"collection":[{"href":"https:\/\/www.caririemacao.com\/1\/wp-json\/wp\/v2\/posts"}],"about":[{"href":"https:\/\/www.caririemacao.com\/1\/wp-json\/wp\/v2\/types\/post"}],"author":[{"embeddable":true,"href":"https:\/\/www.caririemacao.com\/1\/wp-json\/wp\/v2\/users\/1"}],"replies":[{"embeddable":true,"href":"https:\/\/www.caririemacao.com\/1\/wp-json\/wp\/v2\/comments?post=99643"}],"version-history":[{"count":1,"href":"https:\/\/www.caririemacao.com\/1\/wp-json\/wp\/v2\/posts\/99643\/revisions"}],"predecessor-version":[{"id":99645,"href":"https:\/\/www.caririemacao.com\/1\/wp-json\/wp\/v2\/posts\/99643\/revisions\/99645"}],"wp:featuredmedia":[{"embeddable":true,"href":"https:\/\/www.caririemacao.com\/1\/wp-json\/wp\/v2\/media\/99644"}],"wp:attachment":[{"href":"https:\/\/www.caririemacao.com\/1\/wp-json\/wp\/v2\/media?parent=99643"}],"wp:term":[{"taxonomy":"category","embeddable":true,"href":"https:\/\/www.caririemacao.com\/1\/wp-json\/wp\/v2\/categories?post=99643"},{"taxonomy":"post_tag","embeddable":true,"href":"https:\/\/www.caririemacao.com\/1\/wp-json\/wp\/v2\/tags?post=99643"}],"curies":[{"name":"wp","href":"https:\/\/api.w.org\/{rel}","templated":true}]}}