{"id":99649,"date":"2019-06-13T06:28:09","date_gmt":"2019-06-13T09:28:09","guid":{"rendered":"http:\/\/www.caririemacao.com\/1\/?p=99649"},"modified":"2019-06-13T06:28:09","modified_gmt":"2019-06-13T09:28:09","slug":"confira-a-programacao-da-festa-de-santo-antonio-para-o-dia-13-de-junho","status":"publish","type":"post","link":"https:\/\/www.caririemacao.com\/1\/2019\/06\/13\/confira-a-programacao-da-festa-de-santo-antonio-para-o-dia-13-de-junho\/","title":{"rendered":"Confira a programa\u00e7\u00e3o da Festa de Santo Ant\u00f4nio para o dia 13 de junho"},"content":{"rendered":"\n<p>A Programa\u00e7\u00e3o da Festa de Santo Ant\u00f4nio em Camala\u00fa este dia 13 \u00e9 a seguinte:<br>05:00 horas: Alvorada Festiva, com os bacamarteiros e a&nbsp;Banda de P\u00edfanos Manoel de Joana.<br>08:00 horas: Palestras educativas nas Escolas Municipais&nbsp;Francisco Chaves Ventura e Odete Maciel Firmo (10:00 horas),&nbsp;sobre \u201cA Origem e o Significado da Festa de Santo Ant\u00f4nio em&nbsp;Camala\u00fa\u201d. \u00c0s 13:00 horas e 15:00 horas, as palestras ser\u00e3o&nbsp;realizadas com as turmas da tarde, nas mesmas escolas.<br>17:30 horas: Missa solene de Santo Ant\u00f4nio, na igreja de S\u00e3o&nbsp;Jos\u00e9, seguida de prociss\u00e3o at\u00e9 o cruzeiro de Santo Ant\u00f4nio<br>20:00 horas: Retreta com a Banda Filarm\u00f4nica do Maestro&nbsp;Gede\u00e3o Faustino, no CEHAGRO, seguida de apresenta\u00e7\u00f5es de grupos folcl\u00f3ricos.<\/p>\n","protected":false},"excerpt":{"rendered":"<p>A Programa\u00e7\u00e3o da Festa de Santo Ant\u00f4nio em Camala\u00fa este dia 13 \u00e9 a seguinte:05:00 horas: Alvorada Festiva, com os bacamarteiros e a&nbsp;Banda de P\u00edfanos&hellip; <\/p>\n","protected":false},"author":1,"featured_media":99650,"comment_status":"closed","ping_status":"closed","sticky":false,"template":"","format":"standard","meta":{"sfsi_plus_gutenberg_text_before_share":"","sfsi_plus_gutenberg_show_text_before_share":"","sfsi_plus_gutenberg_icon_type":"","sfsi_plus_gutenberg_icon_alignemt":"","sfsi_plus_gutenburg_max_per_row":"","footnotes":""},"categories":[6],"tags":[],"class_list":["post-99649","post","type-post","status-publish","format-standard","has-post-thumbnail","hentry","category-cidades"],"_links":{"self":[{"href":"https:\/\/www.caririemacao.com\/1\/wp-json\/wp\/v2\/posts\/99649","targetHints":{"allow":["GET"]}}],"collection":[{"href":"https:\/\/www.caririemacao.com\/1\/wp-json\/wp\/v2\/posts"}],"about":[{"href":"https:\/\/www.caririemacao.com\/1\/wp-json\/wp\/v2\/types\/post"}],"author":[{"embeddable":true,"href":"https:\/\/www.caririemacao.com\/1\/wp-json\/wp\/v2\/users\/1"}],"replies":[{"embeddable":true,"href":"https:\/\/www.caririemacao.com\/1\/wp-json\/wp\/v2\/comments?post=99649"}],"version-history":[{"count":1,"href":"https:\/\/www.caririemacao.com\/1\/wp-json\/wp\/v2\/posts\/99649\/revisions"}],"predecessor-version":[{"id":99651,"href":"https:\/\/www.caririemacao.com\/1\/wp-json\/wp\/v2\/posts\/99649\/revisions\/99651"}],"wp:featuredmedia":[{"embeddable":true,"href":"https:\/\/www.caririemacao.com\/1\/wp-json\/wp\/v2\/media\/99650"}],"wp:attachment":[{"href":"https:\/\/www.caririemacao.com\/1\/wp-json\/wp\/v2\/media?parent=99649"}],"wp:term":[{"taxonomy":"category","embeddable":true,"href":"https:\/\/www.caririemacao.com\/1\/wp-json\/wp\/v2\/categories?post=99649"},{"taxonomy":"post_tag","embeddable":true,"href":"https:\/\/www.caririemacao.com\/1\/wp-json\/wp\/v2\/tags?post=99649"}],"curies":[{"name":"wp","href":"https:\/\/api.w.org\/{rel}","templated":true}]}}