{"id":99659,"date":"2019-06-13T06:29:39","date_gmt":"2019-06-13T09:29:39","guid":{"rendered":"http:\/\/www.caririemacao.com\/1\/?p=99659"},"modified":"2019-06-13T06:29:39","modified_gmt":"2019-06-13T09:29:39","slug":"prefeitura-da-prata-promove-reuniao-com-produtores-sobre-varios-assuntos-importantes","status":"publish","type":"post","link":"https:\/\/www.caririemacao.com\/1\/2019\/06\/13\/prefeitura-da-prata-promove-reuniao-com-produtores-sobre-varios-assuntos-importantes\/","title":{"rendered":"Prefeitura da Prata promove reuni\u00e3o com produtores sobre v\u00e1rios assuntos importantes"},"content":{"rendered":"\n<p>A Prefeitura municipal de Prata atrav\u00e9s da secret\u00e1ria de Agricultura realizou reuni\u00e3o com produtores do munic\u00edpio.<br>A reuni\u00e3o foi com objetivo de discutir sobre a chamada p\u00fablica do leite, passar informa\u00e7\u00f5es sobre a 7\u00aa Expoprata e sobre os financiamentos do Banco do Nordeste.<br>Estiveram presentes, o Diretor Regional da Empaer Valmir Azevedo, t\u00e9cnicos da Empaer, p Secret\u00e1rio de Agricultura Genivaldo Temb\u00f3rio, J\u00fanior Aleixo, assessor t\u00e9cnico da secret\u00e1ria, Projetistas do Banco do Nordeste e o presidente da Acoop M\u00e1rio Albino.<br><strong>COM ASCOM<\/strong><\/p>\n","protected":false},"excerpt":{"rendered":"<p>A Prefeitura municipal de Prata atrav\u00e9s da secret\u00e1ria de Agricultura realizou reuni\u00e3o com produtores do munic\u00edpio.A reuni\u00e3o foi com objetivo de discutir sobre a chamada&hellip; <\/p>\n","protected":false},"author":1,"featured_media":99660,"comment_status":"closed","ping_status":"closed","sticky":false,"template":"","format":"standard","meta":{"sfsi_plus_gutenberg_text_before_share":"","sfsi_plus_gutenberg_show_text_before_share":"","sfsi_plus_gutenberg_icon_type":"","sfsi_plus_gutenberg_icon_alignemt":"","sfsi_plus_gutenburg_max_per_row":"","footnotes":""},"categories":[2],"tags":[],"class_list":["post-99659","post","type-post","status-publish","format-standard","has-post-thumbnail","hentry","category-geral"],"_links":{"self":[{"href":"https:\/\/www.caririemacao.com\/1\/wp-json\/wp\/v2\/posts\/99659","targetHints":{"allow":["GET"]}}],"collection":[{"href":"https:\/\/www.caririemacao.com\/1\/wp-json\/wp\/v2\/posts"}],"about":[{"href":"https:\/\/www.caririemacao.com\/1\/wp-json\/wp\/v2\/types\/post"}],"author":[{"embeddable":true,"href":"https:\/\/www.caririemacao.com\/1\/wp-json\/wp\/v2\/users\/1"}],"replies":[{"embeddable":true,"href":"https:\/\/www.caririemacao.com\/1\/wp-json\/wp\/v2\/comments?post=99659"}],"version-history":[{"count":1,"href":"https:\/\/www.caririemacao.com\/1\/wp-json\/wp\/v2\/posts\/99659\/revisions"}],"predecessor-version":[{"id":99661,"href":"https:\/\/www.caririemacao.com\/1\/wp-json\/wp\/v2\/posts\/99659\/revisions\/99661"}],"wp:featuredmedia":[{"embeddable":true,"href":"https:\/\/www.caririemacao.com\/1\/wp-json\/wp\/v2\/media\/99660"}],"wp:attachment":[{"href":"https:\/\/www.caririemacao.com\/1\/wp-json\/wp\/v2\/media?parent=99659"}],"wp:term":[{"taxonomy":"category","embeddable":true,"href":"https:\/\/www.caririemacao.com\/1\/wp-json\/wp\/v2\/categories?post=99659"},{"taxonomy":"post_tag","embeddable":true,"href":"https:\/\/www.caririemacao.com\/1\/wp-json\/wp\/v2\/tags?post=99659"}],"curies":[{"name":"wp","href":"https:\/\/api.w.org\/{rel}","templated":true}]}}