{"id":99664,"date":"2019-06-13T06:30:45","date_gmt":"2019-06-13T09:30:45","guid":{"rendered":"http:\/\/www.caririemacao.com\/1\/?p=99664"},"modified":"2019-06-13T06:30:45","modified_gmt":"2019-06-13T09:30:45","slug":"prefeito-adriano-wolff-decreta-luto-oficial-por-tres-dias-e-ponto-facultativo-devido-a-morte-do-ex-servidor-publico-lourinho-de-ze-vitor","status":"publish","type":"post","link":"https:\/\/www.caririemacao.com\/1\/2019\/06\/13\/prefeito-adriano-wolff-decreta-luto-oficial-por-tres-dias-e-ponto-facultativo-devido-a-morte-do-ex-servidor-publico-lourinho-de-ze-vitor\/","title":{"rendered":"Prefeito Adriano Wolff decreta Luto oficial por tr\u00eas dias e ponto facultativo devido a morte do ex-Servidor Publico Lourinho de Z\u00e9 Vitor"},"content":{"rendered":"\n<figure class=\"wp-block-image\"><a href=\"http:\/\/www.blogdodidi.com.br\/wp-content\/uploads\/2019\/06\/LOURINHO.jpg\"><img decoding=\"async\" data-src=\"https:\/\/lh3.googleusercontent.com\/proxy\/xr28rSl9FR4KZp6OiAsqYJg5-1drz04vNpnTZ2XJysb19o-90Vh80MXP9NxS63ky9d6fid4jJj5vpXK3vg6-0WQtjPF3oaKxTIw3igT3AR813S--GBnbzw=s0-d\" alt=\"\" src=\"data:image\/svg+xml;base64,PHN2ZyB3aWR0aD0iMSIgaGVpZ2h0PSIxIiB4bWxucz0iaHR0cDovL3d3dy53My5vcmcvMjAwMC9zdmciPjwvc3ZnPg==\" class=\"lazyload\" \/><\/a><\/figure>\n\n\n\n<p>O prefeito de S\u00e3o Sebasti\u00e3o do Umbuzeiro Adriano Wolff, decretou luto oficial de tr\u00eas dias nas reparti\u00e7\u00f5es P\u00fablicas Municipais, e ponto facultativo nesta quarta-feira dia 12 de junho, em sinal de pesar pelo falecimento do ex. servidor p\u00fablico, Cosme Vitor da Silva, popularmente conhecido como \u201cLourinho de Z\u00e9 Vitor\u201d, ocorrido nesta ter\u00e7a dia 11 de junho.<br>O servidor faleceu na madrugada de hoje na Cidade S\u00e3o Paulo-SP, devido a problemas de sa\u00fade. O luto oficial \u00e9 decretado, considerando o sentimento de solidariedade pela perda de um cidad\u00e3o exemplar e respeit\u00e1vel por toda comunidade.<br>&nbsp;\u201dS\u00e3o Sebasti\u00e3o do Umbuzeiro, perde um grande homem perdemos um trabalhador, digno, respons\u00e1vel\u201d. Em vida, Lourinho, contribuiu pela Guarda Municipal do nosso munic\u00edpio, onde exerceu o cargo de Vigia, decreto ponto facultativo por se tratar do vel\u00f3rio de um servidor p\u00fablico, lamentou o prefeito Adriano Wolff.<\/p>\n","protected":false},"excerpt":{"rendered":"<p>O prefeito de S\u00e3o Sebasti\u00e3o do Umbuzeiro Adriano Wolff, decretou luto oficial de tr\u00eas dias nas reparti\u00e7\u00f5es P\u00fablicas Municipais, e ponto facultativo nesta quarta-feira dia&hellip; <\/p>\n","protected":false},"author":1,"featured_media":87263,"comment_status":"closed","ping_status":"closed","sticky":false,"template":"","format":"standard","meta":{"sfsi_plus_gutenberg_text_before_share":"","sfsi_plus_gutenberg_show_text_before_share":"","sfsi_plus_gutenberg_icon_type":"","sfsi_plus_gutenberg_icon_alignemt":"","sfsi_plus_gutenburg_max_per_row":"","footnotes":""},"categories":[6],"tags":[],"class_list":["post-99664","post","type-post","status-publish","format-standard","has-post-thumbnail","hentry","category-cidades"],"_links":{"self":[{"href":"https:\/\/www.caririemacao.com\/1\/wp-json\/wp\/v2\/posts\/99664","targetHints":{"allow":["GET"]}}],"collection":[{"href":"https:\/\/www.caririemacao.com\/1\/wp-json\/wp\/v2\/posts"}],"about":[{"href":"https:\/\/www.caririemacao.com\/1\/wp-json\/wp\/v2\/types\/post"}],"author":[{"embeddable":true,"href":"https:\/\/www.caririemacao.com\/1\/wp-json\/wp\/v2\/users\/1"}],"replies":[{"embeddable":true,"href":"https:\/\/www.caririemacao.com\/1\/wp-json\/wp\/v2\/comments?post=99664"}],"version-history":[{"count":1,"href":"https:\/\/www.caririemacao.com\/1\/wp-json\/wp\/v2\/posts\/99664\/revisions"}],"predecessor-version":[{"id":99665,"href":"https:\/\/www.caririemacao.com\/1\/wp-json\/wp\/v2\/posts\/99664\/revisions\/99665"}],"wp:featuredmedia":[{"embeddable":true,"href":"https:\/\/www.caririemacao.com\/1\/wp-json\/wp\/v2\/media\/87263"}],"wp:attachment":[{"href":"https:\/\/www.caririemacao.com\/1\/wp-json\/wp\/v2\/media?parent=99664"}],"wp:term":[{"taxonomy":"category","embeddable":true,"href":"https:\/\/www.caririemacao.com\/1\/wp-json\/wp\/v2\/categories?post=99664"},{"taxonomy":"post_tag","embeddable":true,"href":"https:\/\/www.caririemacao.com\/1\/wp-json\/wp\/v2\/tags?post=99664"}],"curies":[{"name":"wp","href":"https:\/\/api.w.org\/{rel}","templated":true}]}}