{"id":99674,"date":"2019-06-13T06:34:25","date_gmt":"2019-06-13T09:34:25","guid":{"rendered":"http:\/\/www.caririemacao.com\/1\/?p=99674"},"modified":"2019-06-13T06:34:25","modified_gmt":"2019-06-13T09:34:25","slug":"bolsonaro-e-moro-posam-com-camisa-do-flamengo-em-partida-contra-o-csa","status":"publish","type":"post","link":"https:\/\/www.caririemacao.com\/1\/2019\/06\/13\/bolsonaro-e-moro-posam-com-camisa-do-flamengo-em-partida-contra-o-csa\/","title":{"rendered":"Bolsonaro e Moro posam com camisa do Flamengo em partida contra o CSA"},"content":{"rendered":"\n<p>O presidente Jair Bolsonaro e o ministro da Justi\u00e7a S\u00e9rigio Moro posaram com a camisa do Flamengo na arquibancada do est\u00e1dio Man\u00e9 Garrincha, em Bras\u00edlia, antes da partida contra o CSA, pelo Campeonato Brasileiro. Al\u00e9m deles, o ministro da Economia Paulo Guedes tamb\u00e9m esteve presente.<\/p>\n\n\n\n<p>Bolsonaro ganhou um uniforme vermelho e preto e um branco autografado, que utilizou quando o jogo come\u00e7ou. Ele chegou a segurar o escudo e se posicionar de p\u00e9 para fotos do p\u00fablico e da imprensa. J\u00e1 Moro foi mais discreto.<\/p>\n\n\n\n<p>O presidente \u00e9 declarado torcedor do Palmeiras, enquanto o ministro j\u00e1 foi visto na Arena Da Baixada acompanhando o Athletico-PR.<\/p>\n\n\n\n<p>Quem tamb\u00e9m foi presenteado com o uniforme foi o vice-presidente Hamilton Mour\u00e3o, que \u00e9 torcedor do Flamengo confesso.<\/p>\n\n\n\n<figure><iframe data-src=\"http:\/\/www.youtube.com\/embed\/wakyI_wWRSM?version=3&amp;rel=1&amp;fs=1&amp;autohide=2&amp;showsearch=0&amp;showinfo=1&amp;iv_load_policy=1&amp;wmode=transparent\" allowfullscreen=\"true\" src=\"data:image\/svg+xml;base64,PHN2ZyB3aWR0aD0iMSIgaGVpZ2h0PSIxIiB4bWxucz0iaHR0cDovL3d3dy53My5vcmcvMjAwMC9zdmciPjwvc3ZnPg==\" class=\"lazyload\" data-load-mode=\"1\"><\/iframe><\/figure>\n","protected":false},"excerpt":{"rendered":"<p>O presidente Jair Bolsonaro e o ministro da Justi\u00e7a S\u00e9rigio Moro posaram com a camisa do Flamengo na arquibancada do est\u00e1dio Man\u00e9 Garrincha, em Bras\u00edlia,&hellip; <\/p>\n","protected":false},"author":1,"featured_media":99675,"comment_status":"closed","ping_status":"closed","sticky":false,"template":"","format":"standard","meta":{"sfsi_plus_gutenberg_text_before_share":"","sfsi_plus_gutenberg_show_text_before_share":"","sfsi_plus_gutenberg_icon_type":"","sfsi_plus_gutenberg_icon_alignemt":"","sfsi_plus_gutenburg_max_per_row":"","footnotes":""},"categories":[11],"tags":[],"class_list":["post-99674","post","type-post","status-publish","format-standard","has-post-thumbnail","hentry","category-politica"],"_links":{"self":[{"href":"https:\/\/www.caririemacao.com\/1\/wp-json\/wp\/v2\/posts\/99674","targetHints":{"allow":["GET"]}}],"collection":[{"href":"https:\/\/www.caririemacao.com\/1\/wp-json\/wp\/v2\/posts"}],"about":[{"href":"https:\/\/www.caririemacao.com\/1\/wp-json\/wp\/v2\/types\/post"}],"author":[{"embeddable":true,"href":"https:\/\/www.caririemacao.com\/1\/wp-json\/wp\/v2\/users\/1"}],"replies":[{"embeddable":true,"href":"https:\/\/www.caririemacao.com\/1\/wp-json\/wp\/v2\/comments?post=99674"}],"version-history":[{"count":1,"href":"https:\/\/www.caririemacao.com\/1\/wp-json\/wp\/v2\/posts\/99674\/revisions"}],"predecessor-version":[{"id":99676,"href":"https:\/\/www.caririemacao.com\/1\/wp-json\/wp\/v2\/posts\/99674\/revisions\/99676"}],"wp:featuredmedia":[{"embeddable":true,"href":"https:\/\/www.caririemacao.com\/1\/wp-json\/wp\/v2\/media\/99675"}],"wp:attachment":[{"href":"https:\/\/www.caririemacao.com\/1\/wp-json\/wp\/v2\/media?parent=99674"}],"wp:term":[{"taxonomy":"category","embeddable":true,"href":"https:\/\/www.caririemacao.com\/1\/wp-json\/wp\/v2\/categories?post=99674"},{"taxonomy":"post_tag","embeddable":true,"href":"https:\/\/www.caririemacao.com\/1\/wp-json\/wp\/v2\/tags?post=99674"}],"curies":[{"name":"wp","href":"https:\/\/api.w.org\/{rel}","templated":true}]}}