{"id":99679,"date":"2019-06-13T06:36:41","date_gmt":"2019-06-13T09:36:41","guid":{"rendered":"http:\/\/www.caririemacao.com\/1\/?p=99679"},"modified":"2019-06-13T06:36:41","modified_gmt":"2019-06-13T09:36:41","slug":"trf1-mantem-bloqueio-de-verbas-de-universidades","status":"publish","type":"post","link":"https:\/\/www.caririemacao.com\/1\/2019\/06\/13\/trf1-mantem-bloqueio-de-verbas-de-universidades\/","title":{"rendered":"TRF1 mant\u00e9m bloqueio de verbas de universidades"},"content":{"rendered":"\n<p>O desembargador federal Carlos Moreira Alves, do Tribunal Regional Federal (TRF) da 1\u00aa Regi\u00e3o, revogou a liminar da Justi\u00e7a Federal da Bahia que suspendia o bloqueio de verbas nas universidades federais.<\/p>\n\n\n\n<p>A decis\u00e3o de suspender o bloqueio de recursos foi tomada pela ju\u00edza Renata Almeida de Moura, da 7\u00aa Vara Federal, em Salvador. A magistrada tomou a decis\u00e3o em resposta \u00e0 uma a\u00e7\u00e3o juizada pelo Diret\u00f3rio Central dos Estudantes da Universidade de Bras\u00edlia (UnB).<\/p>\n\n\n\n<p>O recurso da revoga\u00e7\u00e3o foi apresentado pela Advocacia-Geral da Uni\u00e3o (AGU), no \u00faltimo domingo (09). De acordo com a AGU o bloqueio foi realizado em cumprimento \u00e0 Lei de Responsabilidade Fiscal.<\/p>\n\n\n\n<p>Para a AGU, o contingenciamento &nbsp;de verbas n\u00e3o significa anula\u00e7\u00e3o, j\u00e1 que os recursos podem ser gradativamente desbloqueados de acordo com a evolu\u00e7\u00e3o da receita.<\/p>\n\n\n\n<p>No pedido, a AGU diz que n\u00e3o cabe ao Poder Judici\u00e1rio a decis\u00e3o \u201cao ignorar a sistem\u00e1tica das normas or\u00e7ament\u00e1rias, causa grave les\u00e3o \u00e0 ordem p\u00fablica por um duplo fundamento: desconsidera o planejamento or\u00e7ament\u00e1rio do Poder Executivo Federal, subvertendo por completo a legisla\u00e7\u00e3o aplic\u00e1vel; e, ao assim agir, acaba por se imiscuir em seara que n\u00e3o \u00e9 pr\u00f3pria da fun\u00e7\u00e3o jurisdicional t\u00edpica, o que viola a Separa\u00e7\u00e3o de Poderes\u201d.<\/p>\n\n\n\n<p><strong>MaisPB<\/strong><\/p>\n","protected":false},"excerpt":{"rendered":"<p>O desembargador federal Carlos Moreira Alves, do Tribunal Regional Federal (TRF) da 1\u00aa Regi\u00e3o, revogou a liminar da Justi\u00e7a Federal da Bahia que suspendia o&hellip; <\/p>\n","protected":false},"author":1,"featured_media":96618,"comment_status":"closed","ping_status":"closed","sticky":false,"template":"","format":"standard","meta":{"sfsi_plus_gutenberg_text_before_share":"","sfsi_plus_gutenberg_show_text_before_share":"","sfsi_plus_gutenberg_icon_type":"","sfsi_plus_gutenberg_icon_alignemt":"","sfsi_plus_gutenburg_max_per_row":"","footnotes":""},"categories":[14],"tags":[],"class_list":["post-99679","post","type-post","status-publish","format-standard","has-post-thumbnail","hentry","category-educacao"],"_links":{"self":[{"href":"https:\/\/www.caririemacao.com\/1\/wp-json\/wp\/v2\/posts\/99679","targetHints":{"allow":["GET"]}}],"collection":[{"href":"https:\/\/www.caririemacao.com\/1\/wp-json\/wp\/v2\/posts"}],"about":[{"href":"https:\/\/www.caririemacao.com\/1\/wp-json\/wp\/v2\/types\/post"}],"author":[{"embeddable":true,"href":"https:\/\/www.caririemacao.com\/1\/wp-json\/wp\/v2\/users\/1"}],"replies":[{"embeddable":true,"href":"https:\/\/www.caririemacao.com\/1\/wp-json\/wp\/v2\/comments?post=99679"}],"version-history":[{"count":1,"href":"https:\/\/www.caririemacao.com\/1\/wp-json\/wp\/v2\/posts\/99679\/revisions"}],"predecessor-version":[{"id":99680,"href":"https:\/\/www.caririemacao.com\/1\/wp-json\/wp\/v2\/posts\/99679\/revisions\/99680"}],"wp:featuredmedia":[{"embeddable":true,"href":"https:\/\/www.caririemacao.com\/1\/wp-json\/wp\/v2\/media\/96618"}],"wp:attachment":[{"href":"https:\/\/www.caririemacao.com\/1\/wp-json\/wp\/v2\/media?parent=99679"}],"wp:term":[{"taxonomy":"category","embeddable":true,"href":"https:\/\/www.caririemacao.com\/1\/wp-json\/wp\/v2\/categories?post=99679"},{"taxonomy":"post_tag","embeddable":true,"href":"https:\/\/www.caririemacao.com\/1\/wp-json\/wp\/v2\/tags?post=99679"}],"curies":[{"name":"wp","href":"https:\/\/api.w.org\/{rel}","templated":true}]}}