{"id":99702,"date":"2019-06-13T06:51:51","date_gmt":"2019-06-13T09:51:51","guid":{"rendered":"http:\/\/www.caririemacao.com\/1\/?p=99702"},"modified":"2019-06-13T06:51:51","modified_gmt":"2019-06-13T09:51:51","slug":"tce-pb-julga-contas-de-ricardo-coutinho-segunda-feira-17","status":"publish","type":"post","link":"https:\/\/www.caririemacao.com\/1\/2019\/06\/13\/tce-pb-julga-contas-de-ricardo-coutinho-segunda-feira-17\/","title":{"rendered":"TCE-PB julga contas de Ricardo Coutinho segunda-feira (17)"},"content":{"rendered":"\n<p>O Tribunal de Contas do Estado da Para\u00edba (TCE-PB) julgar\u00e1 na pr\u00f3xima segunda-feira, dia 17, as contas do ex-governador Ricardo Coutinho (PSB), referente ao exerc\u00edcio do mandato em 2016. O relator ser\u00e1 o conselheiro Marcos Costa.<\/p>\n\n\n\n<p>O Minist\u00e9rio P\u00fablico de Contas recomenda a rejei\u00e7\u00e3o da presta\u00e7\u00e3o de contas. O MPC apontou \u201ca persist\u00eancia injustificada de elevado n\u00famero de servidores na estrutura administrativa do Estado, admitido sem concurso p\u00fablico\u201d. A defesa, por sua vez, apresentou longa argumenta\u00e7\u00e3o rebatendo os pontos levantados pela auditoria.<\/p>\n\n\n\n<p>A sess\u00e3o que ocorrer\u00e1 na sede da Corte, em Jo\u00e3o Pessoa, est\u00e1 prevista para come\u00e7ar \u00e0s 10h.<\/p>\n","protected":false},"excerpt":{"rendered":"<p>O Tribunal de Contas do Estado da Para\u00edba (TCE-PB) julgar\u00e1 na pr\u00f3xima segunda-feira, dia 17, as contas do ex-governador Ricardo Coutinho (PSB), referente ao exerc\u00edcio&hellip; <\/p>\n","protected":false},"author":1,"featured_media":52291,"comment_status":"closed","ping_status":"closed","sticky":false,"template":"","format":"standard","meta":{"sfsi_plus_gutenberg_text_before_share":"","sfsi_plus_gutenberg_show_text_before_share":"","sfsi_plus_gutenberg_icon_type":"","sfsi_plus_gutenberg_icon_alignemt":"","sfsi_plus_gutenburg_max_per_row":"","footnotes":""},"categories":[11],"tags":[],"class_list":["post-99702","post","type-post","status-publish","format-standard","has-post-thumbnail","hentry","category-politica"],"_links":{"self":[{"href":"https:\/\/www.caririemacao.com\/1\/wp-json\/wp\/v2\/posts\/99702","targetHints":{"allow":["GET"]}}],"collection":[{"href":"https:\/\/www.caririemacao.com\/1\/wp-json\/wp\/v2\/posts"}],"about":[{"href":"https:\/\/www.caririemacao.com\/1\/wp-json\/wp\/v2\/types\/post"}],"author":[{"embeddable":true,"href":"https:\/\/www.caririemacao.com\/1\/wp-json\/wp\/v2\/users\/1"}],"replies":[{"embeddable":true,"href":"https:\/\/www.caririemacao.com\/1\/wp-json\/wp\/v2\/comments?post=99702"}],"version-history":[{"count":1,"href":"https:\/\/www.caririemacao.com\/1\/wp-json\/wp\/v2\/posts\/99702\/revisions"}],"predecessor-version":[{"id":99703,"href":"https:\/\/www.caririemacao.com\/1\/wp-json\/wp\/v2\/posts\/99702\/revisions\/99703"}],"wp:featuredmedia":[{"embeddable":true,"href":"https:\/\/www.caririemacao.com\/1\/wp-json\/wp\/v2\/media\/52291"}],"wp:attachment":[{"href":"https:\/\/www.caririemacao.com\/1\/wp-json\/wp\/v2\/media?parent=99702"}],"wp:term":[{"taxonomy":"category","embeddable":true,"href":"https:\/\/www.caririemacao.com\/1\/wp-json\/wp\/v2\/categories?post=99702"},{"taxonomy":"post_tag","embeddable":true,"href":"https:\/\/www.caririemacao.com\/1\/wp-json\/wp\/v2\/tags?post=99702"}],"curies":[{"name":"wp","href":"https:\/\/api.w.org\/{rel}","templated":true}]}}