{"id":99707,"date":"2019-06-13T06:56:06","date_gmt":"2019-06-13T09:56:06","guid":{"rendered":"http:\/\/www.caririemacao.com\/1\/?p=99707"},"modified":"2019-06-13T06:56:06","modified_gmt":"2019-06-13T09:56:06","slug":"prefeitura-de-sao-sebastiao-do-umbuzeiro-do-umbuzeiro-realiza-doacao-de-mudas-no-mes-do-meio-ambiente","status":"publish","type":"post","link":"https:\/\/www.caririemacao.com\/1\/2019\/06\/13\/prefeitura-de-sao-sebastiao-do-umbuzeiro-do-umbuzeiro-realiza-doacao-de-mudas-no-mes-do-meio-ambiente\/","title":{"rendered":"Prefeitura de S\u00e3o Sebasti\u00e3o do Umbuzeiro do Umbuzeiro realiza doa\u00e7\u00e3o de mudas no m\u00eas do Meio Ambiente"},"content":{"rendered":"\n<figure class=\"wp-block-image\"><a href=\"https:\/\/1.bp.blogspot.com\/-0tpXllH-cmg\/XQDcxlW0ONI\/AAAAAAAAF2U\/Y8f2P7ib9qwNnUyh8QVyU3ZIumhwT07LgCLcBGAs\/s1600\/11.jpg\"><img decoding=\"async\" data-src=\"https:\/\/1.bp.blogspot.com\/-0tpXllH-cmg\/XQDcxlW0ONI\/AAAAAAAAF2U\/Y8f2P7ib9qwNnUyh8QVyU3ZIumhwT07LgCLcBGAs\/s400\/11.jpg\" alt=\"11\" src=\"data:image\/svg+xml;base64,PHN2ZyB3aWR0aD0iMSIgaGVpZ2h0PSIxIiB4bWxucz0iaHR0cDovL3d3dy53My5vcmcvMjAwMC9zdmciPjwvc3ZnPg==\" class=\"lazyload\" \/><\/a><\/figure>\n\n\n\n<p>A Prefeitura Municipal de S\u00e3o Sebasti\u00e3o do Umbuzeiro atrav\u00e9s da Secretaria de Agricultura est\u00e1 realizando durante o M\u00eas do Meio do Ambiente, a distribui\u00e7\u00e3o de Mudas nativas, com caracter\u00edsticas arb\u00f3ricas para urbaniza\u00e7\u00e3o.<br><\/p>\n\n\n\n<figure class=\"wp-block-image\"><a href=\"https:\/\/1.bp.blogspot.com\/--KG_gwwxtHg\/XQDcxs1NRfI\/AAAAAAAAF2Y\/BD4RERtrbWgRyCYlOGh3mb5v_gvNv0xsgCLcBGAs\/s1600\/1.jpg\"><img decoding=\"async\" data-src=\"https:\/\/1.bp.blogspot.com\/--KG_gwwxtHg\/XQDcxs1NRfI\/AAAAAAAAF2Y\/BD4RERtrbWgRyCYlOGh3mb5v_gvNv0xsgCLcBGAs\/s400\/1.jpg\" alt=\"1\" src=\"data:image\/svg+xml;base64,PHN2ZyB3aWR0aD0iMSIgaGVpZ2h0PSIxIiB4bWxucz0iaHR0cDovL3d3dy53My5vcmcvMjAwMC9zdmciPjwvc3ZnPg==\" class=\"lazyload\" \/><\/a><\/figure>\n\n\n\n<p>O secret\u00e1rio de agricultura Di\u00eago Elesb\u00e3o confirmou que est\u00e3o dispon\u00edveis para doa\u00e7\u00e3o, um umbuzeiro Nativo, os Ip\u00eas Roxo, Amarelo e Ip\u00eazinho, al\u00e9m das Aroeiras nativas e da Praia.<br>As pessoas interessadas devem procurar a Secretaria da Agricultura, por tr\u00e1s da Prefeitura municipal.<br><\/p>\n\n\n\n<p>F\u00c1BIO BRITO<\/p>\n","protected":false},"excerpt":{"rendered":"<p>A Prefeitura Municipal de S\u00e3o Sebasti\u00e3o do Umbuzeiro atrav\u00e9s da Secretaria de Agricultura est\u00e1 realizando durante o M\u00eas do Meio do Ambiente, a distribui\u00e7\u00e3o de&hellip; <\/p>\n","protected":false},"author":1,"featured_media":99708,"comment_status":"closed","ping_status":"closed","sticky":false,"template":"","format":"standard","meta":{"sfsi_plus_gutenberg_text_before_share":"","sfsi_plus_gutenberg_show_text_before_share":"","sfsi_plus_gutenberg_icon_type":"","sfsi_plus_gutenberg_icon_alignemt":"","sfsi_plus_gutenburg_max_per_row":"","footnotes":""},"categories":[6],"tags":[],"class_list":["post-99707","post","type-post","status-publish","format-standard","has-post-thumbnail","hentry","category-cidades"],"_links":{"self":[{"href":"https:\/\/www.caririemacao.com\/1\/wp-json\/wp\/v2\/posts\/99707","targetHints":{"allow":["GET"]}}],"collection":[{"href":"https:\/\/www.caririemacao.com\/1\/wp-json\/wp\/v2\/posts"}],"about":[{"href":"https:\/\/www.caririemacao.com\/1\/wp-json\/wp\/v2\/types\/post"}],"author":[{"embeddable":true,"href":"https:\/\/www.caririemacao.com\/1\/wp-json\/wp\/v2\/users\/1"}],"replies":[{"embeddable":true,"href":"https:\/\/www.caririemacao.com\/1\/wp-json\/wp\/v2\/comments?post=99707"}],"version-history":[{"count":1,"href":"https:\/\/www.caririemacao.com\/1\/wp-json\/wp\/v2\/posts\/99707\/revisions"}],"predecessor-version":[{"id":99709,"href":"https:\/\/www.caririemacao.com\/1\/wp-json\/wp\/v2\/posts\/99707\/revisions\/99709"}],"wp:featuredmedia":[{"embeddable":true,"href":"https:\/\/www.caririemacao.com\/1\/wp-json\/wp\/v2\/media\/99708"}],"wp:attachment":[{"href":"https:\/\/www.caririemacao.com\/1\/wp-json\/wp\/v2\/media?parent=99707"}],"wp:term":[{"taxonomy":"category","embeddable":true,"href":"https:\/\/www.caririemacao.com\/1\/wp-json\/wp\/v2\/categories?post=99707"},{"taxonomy":"post_tag","embeddable":true,"href":"https:\/\/www.caririemacao.com\/1\/wp-json\/wp\/v2\/tags?post=99707"}],"curies":[{"name":"wp","href":"https:\/\/api.w.org\/{rel}","templated":true}]}}