{"id":99716,"date":"2019-06-13T06:59:47","date_gmt":"2019-06-13T09:59:47","guid":{"rendered":"http:\/\/www.caririemacao.com\/1\/?p=99716"},"modified":"2019-06-13T06:59:47","modified_gmt":"2019-06-13T09:59:47","slug":"prefeito-apresenta-governo-sem-papel-a-equipe-de-gestao-do-municipio-de-caraubas","status":"publish","type":"post","link":"https:\/\/www.caririemacao.com\/1\/2019\/06\/13\/prefeito-apresenta-governo-sem-papel-a-equipe-de-gestao-do-municipio-de-caraubas\/","title":{"rendered":"Prefeito apresenta governo sem papel a equipe de gest\u00e3o do munic\u00edpio de Cara\u00fabas"},"content":{"rendered":"\n<p>Foi realizada na manh\u00e3 desta quarta-feira, dia 12 de junho, na sede da Prefeitura Municipal de Cara\u00fabas a apresenta\u00e7\u00e3o do Programa Governo sem papel que contou com a participa\u00e7\u00e3o do prefeito Silvano Dudu e todos os secret\u00e1rios do munic\u00edpio. A apresenta\u00e7\u00e3o foi realizada pelo jovem empres\u00e1rio Emanoelton Borges, s\u00f3cio da empresa SOGO \u2013 Solu\u00e7\u00f5es Governamentais com sede na capital paraibana.De acordo com Emanoelton essa \u00e9 uma ferramenta que vai fazer com que a Prefeitura Municipal economize recursos e modernize a gest\u00e3o p\u00fablica, pois, o cidad\u00e3o poder\u00e1 at\u00e9 de sua pr\u00f3pria resid\u00eancia solicitar os servi\u00e7os que s\u00e3o colocados \u00e0 disposi\u00e7\u00e3o pelos \u00f3rg\u00e3os p\u00fablicos, a exemplo, da emiss\u00e3o de um Alvar\u00e1 at\u00e9 o mais complexo documento.V\u00e1rios munic\u00edpios j\u00e1 implantaram esta ferramenta e vem sendo exemplo de como economizar de forma criativa e inovadora. O prefeito se mostrou interessado na implanta\u00e7\u00e3o da presente a\u00e7\u00e3o que facilitar\u00e1 e unificar\u00e1 atrav\u00e9s de um sistema toda a demanda administrativa da Prefeitura. N\u00f3s precisamos ter alternativas que contribuam com o crescimentos e o aperfei\u00e7oamento do servi\u00e7o p\u00fablico, por isso convidei essa empresa a vir nos mostrar como modernizar a gest\u00e3o, afirmou o prefeito.Como tudo gera despesa vamos analisar com os demais setores da administra\u00e7\u00e3o p\u00fablica a necessidade de implanta\u00e7\u00e3o sem comprometer as finan\u00e7as p\u00fablicas. Creio que teremos uma economia criativa neste aspecto, disse ele.Ainda de acordo com o que foi apresentado, os setores de contabilidade, finan\u00e7as, licita\u00e7\u00e3o, educa\u00e7\u00e3o e sa\u00fade ter\u00e3o uma economia que fortalecer\u00e1 a tomada de decis\u00f5es importantes e o aporte de recursos para \u00e1reas consideradas priorit\u00e1rias. Hoje o munic\u00edpio tem uma despesa anual com material de expediente na ordem de R$ 200.000,00 (Duzentos Mil Reais) e precisamos cortar gastos desnecess\u00e1rios da m\u00e1quina para que possamos ter um melhor fluxo financeiro, disse o secret\u00e1rio do planejamento, jornalista Eduardo Belo.Estiveram presentes \u00e0 reuni\u00e3o os secret\u00e1rios do Planejamento, Eduardo Belo, das Finan\u00e7as Silvio Fernandes, da Administra\u00e7\u00e3o Nelson Jos\u00e9, da Assist\u00eancia Social o adjunto Patrick Batista, dos Transportes, Jos\u00e9 Renivaldo, da Educa\u00e7\u00e3o Rhayanne Fernandes, adjunto da Educa\u00e7\u00e3o, professor Tiago Vasconcelos, do Turismo, Silvana Myllena, da Agricultura, Rone Feitoza, da Sa\u00fade o diretor da Aten\u00e7\u00e3o B\u00e1sica, Reinier Miranda, o secret\u00e1rio da sa\u00fade, Leonardo Eneas, bem como, a comiss\u00e3o permanente de licita\u00e7\u00e3o, a chefe de Gabinete, Suzana Fernandes e o setor de compras.<br><\/p>\n","protected":false},"excerpt":{"rendered":"<p>Foi realizada na manh\u00e3 desta quarta-feira, dia 12 de junho, na sede da Prefeitura Municipal de Cara\u00fabas a apresenta\u00e7\u00e3o do Programa Governo sem papel que&hellip; <\/p>\n","protected":false},"author":1,"featured_media":99717,"comment_status":"closed","ping_status":"closed","sticky":false,"template":"","format":"standard","meta":{"sfsi_plus_gutenberg_text_before_share":"","sfsi_plus_gutenberg_show_text_before_share":"","sfsi_plus_gutenberg_icon_type":"","sfsi_plus_gutenberg_icon_alignemt":"","sfsi_plus_gutenburg_max_per_row":"","footnotes":""},"categories":[6],"tags":[],"class_list":["post-99716","post","type-post","status-publish","format-standard","has-post-thumbnail","hentry","category-cidades"],"_links":{"self":[{"href":"https:\/\/www.caririemacao.com\/1\/wp-json\/wp\/v2\/posts\/99716","targetHints":{"allow":["GET"]}}],"collection":[{"href":"https:\/\/www.caririemacao.com\/1\/wp-json\/wp\/v2\/posts"}],"about":[{"href":"https:\/\/www.caririemacao.com\/1\/wp-json\/wp\/v2\/types\/post"}],"author":[{"embeddable":true,"href":"https:\/\/www.caririemacao.com\/1\/wp-json\/wp\/v2\/users\/1"}],"replies":[{"embeddable":true,"href":"https:\/\/www.caririemacao.com\/1\/wp-json\/wp\/v2\/comments?post=99716"}],"version-history":[{"count":1,"href":"https:\/\/www.caririemacao.com\/1\/wp-json\/wp\/v2\/posts\/99716\/revisions"}],"predecessor-version":[{"id":99718,"href":"https:\/\/www.caririemacao.com\/1\/wp-json\/wp\/v2\/posts\/99716\/revisions\/99718"}],"wp:featuredmedia":[{"embeddable":true,"href":"https:\/\/www.caririemacao.com\/1\/wp-json\/wp\/v2\/media\/99717"}],"wp:attachment":[{"href":"https:\/\/www.caririemacao.com\/1\/wp-json\/wp\/v2\/media?parent=99716"}],"wp:term":[{"taxonomy":"category","embeddable":true,"href":"https:\/\/www.caririemacao.com\/1\/wp-json\/wp\/v2\/categories?post=99716"},{"taxonomy":"post_tag","embeddable":true,"href":"https:\/\/www.caririemacao.com\/1\/wp-json\/wp\/v2\/tags?post=99716"}],"curies":[{"name":"wp","href":"https:\/\/api.w.org\/{rel}","templated":true}]}}