{"id":99724,"date":"2019-06-13T07:12:27","date_gmt":"2019-06-13T10:12:27","guid":{"rendered":"http:\/\/www.caririemacao.com\/1\/?p=99724"},"modified":"2019-06-13T07:12:27","modified_gmt":"2019-06-13T10:12:27","slug":"uepb-lanca-edital-para-transferencia-para-o-periodo-2019-2-com-vagas-em-monteiro","status":"publish","type":"post","link":"https:\/\/www.caririemacao.com\/1\/2019\/06\/13\/uepb-lanca-edital-para-transferencia-para-o-periodo-2019-2-com-vagas-em-monteiro\/","title":{"rendered":"UEPB lan\u00e7a edital para transfer\u00eancia para o per\u00edodo 2019.2 com vagas em Monteiro"},"content":{"rendered":"\n<p>A Pr\u00f3-Reitoria de Gradua\u00e7\u00e3o (PROGRAD) da Universidade Estadual da Para\u00edba (UEPB) estar\u00e1 com inscri\u00e7\u00f5es abertas, de 17 a 28 de junho, para o Processo Seletivo de Admiss\u00e3o por Transfer\u00eancia Volunt\u00e1ria (PSATV) no per\u00edodo letivo 2019\/2. As inscri\u00e7\u00f5es ser\u00e3o feitas atrav\u00e9s do endere\u00e7o https:\/\/cpcon.uepb.edu.br\/sigeps-app\/.<\/p>\n\n\n\n<p>Nesse per\u00edodoa, das 7h \u00e0s 13h, os candidatos devem comparecer na PROGRAD para a entrega da documenta\u00e7\u00e3o necess\u00e1ria para avalia\u00e7\u00e3o e homologa\u00e7\u00e3o da inscri\u00e7\u00e3o. A documenta\u00e7\u00e3o exigida no edital dever\u00e1 ser encadernada em capas pl\u00e1sticas em espiral. A prova de Produ\u00e7\u00e3o Textual ser\u00e1 realizada no dia 19 de julho, na Central de Integra\u00e7\u00e3o Acad\u00eamica, no C\u00e2mpus de Bodocong\u00f3, das 14h \u00e0s 16h.<\/p>\n\n\n\n<div class=\"wp-block-image\"><figure class=\"alignleft\"><img decoding=\"async\" data-src=\"https:\/\/i2.wp.com\/www.vitrinedocariri.com.br\/wp-content\/uploads\/2018\/02\/uepbmonteiro.jpg?zoom=2&amp;resize=330%2C235&amp;ssl=1\" alt=\"\" class=\"wp-image-6605 lazyload\" src=\"data:image\/svg+xml;base64,PHN2ZyB3aWR0aD0iMSIgaGVpZ2h0PSIxIiB4bWxucz0iaHR0cDovL3d3dy53My5vcmcvMjAwMC9zdmciPjwvc3ZnPg==\" \/><\/figure><\/div>\n\n\n\n<p>O resultado final da sele\u00e7\u00e3o ser\u00e1 divulgado no dia 25 de julho. Os candidatos selecionados dentro do n\u00famero de vagas oferecidas dever\u00e3o comparecer \u00e0 PROGRAD no dia 1\u00ba de agosto, para as provid\u00eancias necess\u00e1rias quanto a efetiva\u00e7\u00e3o de transfer\u00eancia. A matr\u00edcula em componentes curriculares ser\u00e1 efetuada na Coordena\u00e7\u00e3o do curso, no dia 6 de agosto.<\/p>\n\n\n\n<p>O edital completo e o quadro de vagas est\u00e3o dispon\u00edveis no site www.uepb.edu.br. Outras informa\u00e7\u00f5es podem ser obtidas pelo telefone (83) 3315-3421.<\/p>\n","protected":false},"excerpt":{"rendered":"<p>A Pr\u00f3-Reitoria de Gradua\u00e7\u00e3o (PROGRAD) da Universidade Estadual da Para\u00edba (UEPB) estar\u00e1 com inscri\u00e7\u00f5es abertas, de 17 a 28 de junho, para o Processo Seletivo&hellip; <\/p>\n","protected":false},"author":1,"featured_media":99725,"comment_status":"closed","ping_status":"closed","sticky":false,"template":"","format":"standard","meta":{"sfsi_plus_gutenberg_text_before_share":"","sfsi_plus_gutenberg_show_text_before_share":"","sfsi_plus_gutenberg_icon_type":"","sfsi_plus_gutenberg_icon_alignemt":"","sfsi_plus_gutenburg_max_per_row":"","footnotes":""},"categories":[50,2],"tags":[],"class_list":["post-99724","post","type-post","status-publish","format-standard","has-post-thumbnail","hentry","category-destaque","category-geral"],"_links":{"self":[{"href":"https:\/\/www.caririemacao.com\/1\/wp-json\/wp\/v2\/posts\/99724","targetHints":{"allow":["GET"]}}],"collection":[{"href":"https:\/\/www.caririemacao.com\/1\/wp-json\/wp\/v2\/posts"}],"about":[{"href":"https:\/\/www.caririemacao.com\/1\/wp-json\/wp\/v2\/types\/post"}],"author":[{"embeddable":true,"href":"https:\/\/www.caririemacao.com\/1\/wp-json\/wp\/v2\/users\/1"}],"replies":[{"embeddable":true,"href":"https:\/\/www.caririemacao.com\/1\/wp-json\/wp\/v2\/comments?post=99724"}],"version-history":[{"count":1,"href":"https:\/\/www.caririemacao.com\/1\/wp-json\/wp\/v2\/posts\/99724\/revisions"}],"predecessor-version":[{"id":99726,"href":"https:\/\/www.caririemacao.com\/1\/wp-json\/wp\/v2\/posts\/99724\/revisions\/99726"}],"wp:featuredmedia":[{"embeddable":true,"href":"https:\/\/www.caririemacao.com\/1\/wp-json\/wp\/v2\/media\/99725"}],"wp:attachment":[{"href":"https:\/\/www.caririemacao.com\/1\/wp-json\/wp\/v2\/media?parent=99724"}],"wp:term":[{"taxonomy":"category","embeddable":true,"href":"https:\/\/www.caririemacao.com\/1\/wp-json\/wp\/v2\/categories?post=99724"},{"taxonomy":"post_tag","embeddable":true,"href":"https:\/\/www.caririemacao.com\/1\/wp-json\/wp\/v2\/tags?post=99724"}],"curies":[{"name":"wp","href":"https:\/\/api.w.org\/{rel}","templated":true}]}}