{"id":99733,"date":"2019-06-13T07:18:03","date_gmt":"2019-06-13T10:18:03","guid":{"rendered":"http:\/\/www.caririemacao.com\/1\/?p=99733"},"modified":"2019-06-13T07:18:03","modified_gmt":"2019-06-13T10:18:03","slug":"santos-vence-e-assume-lideranca-provisoria-do-brasileiro","status":"publish","type":"post","link":"https:\/\/www.caririemacao.com\/1\/2019\/06\/13\/santos-vence-e-assume-lideranca-provisoria-do-brasileiro\/","title":{"rendered":"Santos vence e assume lideran\u00e7a provis\u00f3ria do Brasileiro"},"content":{"rendered":"\n<p>O Santos venceu o Corinthians por 1 a 0 na noite desta quarta-feira (12), na Vila Belmiro, e assumiu a lideran\u00e7a provis\u00f3ria do Campeonato Brasileiro.<\/p>\n\n\n\n<p>A equipe do t\u00e9cnico argentino Jorge Sampaoli foi a 20 pontos e ultrapassou o Palmeiras, que tem 19. Vale lembrar que o time alviverde entra em campo nesta quinta (13), contra o Ava\u00ed, e ainda est\u00e1 com os tr\u00eas pontos conquistados diante do Botafogo (na 6\u00aa rodada) suspensos pela CBF.<\/p>\n\n\n\n<p>O gol da vit\u00f3ria santista foi marcado por Eduardo Sasha, aos 13min do segundo tempo, ap\u00f3s boa jogada entre Jorge e Soteldo pelo lado esquerdo do ataque.<\/p>\n\n\n\n<p>Com a derrota, o Corinthians permanece com 12 pontos na tabela do Nacional.<\/p>\n\n\n\n<p>SANTOS<br>Everson; Victor Ferraz, Felipe Aguilar, Gustavo Henrique e Jorge; Alison (Carlos S\u00e1nchez), Jean Lucas (Felipe Jonatan), Diego Pituca; Soteldo, Marinho (Luiz Felipe) e Sasha. T.: Jorge Sampaoli<\/p>\n\n\n\n<p>CORINTHIANS<br>Walter; Bruno M\u00e9ndez, Manoel, Henrique e Danilo Avelar; Ralf, Junior Urso (Sornoza), Ramiro (Gustavo) e Jadson (Everaldo), Clayson e Vagner Love. T.: F\u00e1bio Carille<\/p>\n\n\n\n<p>Est\u00e1dio: Vila Belmiro, em Santos<br>P\u00fablico e renda: 11.831 presentes e R$ 438.955,00<br>Juiz: Wagner do Nascimento Magalh\u00e3es (RJ)<br>Assistentes: Alessandro Alvaro Rocha de Matos (BA) e Carlos Berkenbrock (SC)<br>VAR: Bruno Arleu de Araujo (RJ)<br>Cart\u00f5es amarelos: Felipe Aguiar, Eduardo Sasha, Gustavo Henrique e Victor Ferraz (SAN); Danilo Avelar, Vagner Love, Bruno M\u00e9ndez, Clayson e F\u00e1bio Carille (COR)<br>Gol: Eduardo Sasha (SAN), aos 14min do 2\u00ba tempo<\/p>\n","protected":false},"excerpt":{"rendered":"<p>O Santos venceu o Corinthians por 1 a 0 na noite desta quarta-feira (12), na Vila Belmiro, e assumiu a lideran\u00e7a provis\u00f3ria do Campeonato Brasileiro.&hellip; <\/p>\n","protected":false},"author":1,"featured_media":99734,"comment_status":"closed","ping_status":"closed","sticky":false,"template":"","format":"standard","meta":{"sfsi_plus_gutenberg_text_before_share":"","sfsi_plus_gutenberg_show_text_before_share":"","sfsi_plus_gutenberg_icon_type":"","sfsi_plus_gutenberg_icon_alignemt":"","sfsi_plus_gutenburg_max_per_row":"","footnotes":""},"categories":[13],"tags":[],"class_list":["post-99733","post","type-post","status-publish","format-standard","has-post-thumbnail","hentry","category-esportes"],"_links":{"self":[{"href":"https:\/\/www.caririemacao.com\/1\/wp-json\/wp\/v2\/posts\/99733","targetHints":{"allow":["GET"]}}],"collection":[{"href":"https:\/\/www.caririemacao.com\/1\/wp-json\/wp\/v2\/posts"}],"about":[{"href":"https:\/\/www.caririemacao.com\/1\/wp-json\/wp\/v2\/types\/post"}],"author":[{"embeddable":true,"href":"https:\/\/www.caririemacao.com\/1\/wp-json\/wp\/v2\/users\/1"}],"replies":[{"embeddable":true,"href":"https:\/\/www.caririemacao.com\/1\/wp-json\/wp\/v2\/comments?post=99733"}],"version-history":[{"count":1,"href":"https:\/\/www.caririemacao.com\/1\/wp-json\/wp\/v2\/posts\/99733\/revisions"}],"predecessor-version":[{"id":99735,"href":"https:\/\/www.caririemacao.com\/1\/wp-json\/wp\/v2\/posts\/99733\/revisions\/99735"}],"wp:featuredmedia":[{"embeddable":true,"href":"https:\/\/www.caririemacao.com\/1\/wp-json\/wp\/v2\/media\/99734"}],"wp:attachment":[{"href":"https:\/\/www.caririemacao.com\/1\/wp-json\/wp\/v2\/media?parent=99733"}],"wp:term":[{"taxonomy":"category","embeddable":true,"href":"https:\/\/www.caririemacao.com\/1\/wp-json\/wp\/v2\/categories?post=99733"},{"taxonomy":"post_tag","embeddable":true,"href":"https:\/\/www.caririemacao.com\/1\/wp-json\/wp\/v2\/tags?post=99733"}],"curies":[{"name":"wp","href":"https:\/\/api.w.org\/{rel}","templated":true}]}}