{"id":99739,"date":"2019-06-13T07:24:12","date_gmt":"2019-06-13T10:24:12","guid":{"rendered":"http:\/\/www.caririemacao.com\/1\/?p=99739"},"modified":"2019-06-13T07:24:12","modified_gmt":"2019-06-13T10:24:12","slug":"na-paraiba-mais-de-26-categorias-paralisam-neste-dia-14-contra-perda-de-direitos","status":"publish","type":"post","link":"https:\/\/www.caririemacao.com\/1\/2019\/06\/13\/na-paraiba-mais-de-26-categorias-paralisam-neste-dia-14-contra-perda-de-direitos\/","title":{"rendered":"Na Para\u00edba, mais de 26 categorias paralisam neste dia 14 contra perda de direitos"},"content":{"rendered":"\n<p>\u201cA sociedade n\u00e3o aguenta mais. O n\u00famero de desempregados e de desalentados, quando somados aos subempregados, bate os 28 milh\u00f5es fora do mercado de trabalho formal. Esse \u00e9 um n\u00famero assustador e n\u00f3s avaliamos que est\u00e1 acontecendo uma grande trag\u00e9dia\u201d, afirmou o presidente da Central \u00danica das Trabalhadoras e Trabalhadores da Para\u00edba, Paulo Marcelo. E \u00e9 com esse sentimento de indigna\u00e7\u00e3o e de justi\u00e7a que trabalhadoras e trabalhadores em todo o Brasil se juntam \u00e0s ruas neste dia 14 de junho para a Greve Geral. Essa atividade vai parar as atividades produtivas brasileiras e, na Para\u00edba, n\u00e3o ser\u00e1 diferente.\u00a0Um setor importante que aderiu \u00e0 Greve, foi o dos estudantes, professores, t\u00e9cnicos e funcion\u00e1rios das institui\u00e7\u00f5es de ensino superior, m\u00e9dio, fundamental e at\u00e9 mesmo do setor privado.<\/p>\n\n\n\n<p>O ponto principal dessa greve \u00e9 a luta contra a Reforma da Previd\u00eancia, mas outras quest\u00f5es entram na pauta de reivindica\u00e7\u00f5es como os ataques \u00e0 educa\u00e7\u00e3o, os n\u00edveis de desemprego crescente e a entrega do patrim\u00f4nio p\u00fablico do pa\u00eds. Outro sentimento que move os organizadores da Greve, \u00e9 a indigna\u00e7\u00e3o revelada pelos vazamentos recentes de conversas entre, o ex \u2013 juiz federal,S\u00e9rgio Moro, e o procurador da Rep\u00fablica, Deltan Dallagnol, respons\u00e1vel pela Opera\u00e7\u00e3o Java Jato, que prendeu o ex- presidente Lula.<\/p>\n\n\n\n<p>Em Jo\u00e3o Pessoa, nesta quinta (13), uma coletiva de imprensa foi convocada para acontecer na CUT, a partir das 10h, onde as informa\u00e7\u00f5es das paralisa\u00e7\u00f5es e mobiliza\u00e7\u00f5es, que acontecem no estado da Para\u00edba, ser\u00e3o divulgadas. E as atividades seguem na quinta (13), com a realiza\u00e7\u00e3o de uma plen\u00e1ria conjunta entre as centrais sindicais, movimentos sociais e partidos pol\u00edticos que organizam a Greve. O evento ser\u00e1 na Federa\u00e7\u00e3o das Trabalhadoras e Trabalhadores na Agricultura (Fetag), a partir das 17h30, que fica localizada na Rua Rodrigues de Aquino, 944, no bairro de Jaguaribe. Nela, ser\u00e3o compartilhadas as leituras da situa\u00e7\u00e3o da greve em todo o Brasil.<\/p>\n\n\n\n<p>Desde segunda (10), v\u00e1rias atividades de panfletagem foram realizadas na capital paraibana chamando a aten\u00e7\u00e3o da popula\u00e7\u00e3o para a Greve Geral. Aqui na Para\u00edba, al\u00e9m do movimento sindical, como a Central \u00danica dos Trabalhadores e a Central dos Trabalhadores do Brasil, est\u00e3o envolvidos os movimentos sociais e partidos que comp\u00f5em as Frentes Brasil Popular e Povo Sem Medo. Em Jo\u00e3o Pessoa, um comando de greve foi constitu\u00eddo para pensar e organizar no ato de rua, que ser\u00e1 realizado na tarde do dia 14, a partir das 15h, no centro da cidade, mais precisamente na Lagoa.<\/p>\n\n\n\n<p>Na Para\u00edba, algumas categorias j\u00e1 anunciaram que v\u00e3o parar suas atividades, s\u00e3o elas: professores e trabalhadores das redes de ensino municipais, estaduais, federais e particulares; estudantes; banc\u00e1rios; trabalhadores da constru\u00e7\u00e3o civil; comerci\u00e1rios, Incra; Ibama; TRE; TRT; Justi\u00e7a Federal; Ferrovi\u00e1rios; Limpeza Urbana; Cagepa; Correios; Setor de Telecomunica\u00e7\u00f5es.<\/p>\n\n\n\n<p>Atos v\u00e3o acontecer em torno de 50 cidades paraibanas, confira a seguir alguns locais de concentra\u00e7\u00e3o:<\/p>\n\n\n\n<p><strong>Jo\u00e3o Pessoa<\/strong>&nbsp;\u2013 Paralisa\u00e7\u00f5es pela Manh\u00e3, ato \u00e0s 15h, na Lagoa.<\/p>\n\n\n\n<p><strong>Cajazeiras<\/strong>&nbsp;\u2013 est\u00e1 fazendo um processo de prepara\u00e7\u00e3o com carro de som nos bairros. Os dois seguimentos que est\u00e3o mais mobilizados s\u00e3o sa\u00fade e educa\u00e7\u00e3o. Os comerci\u00e1rios tamb\u00e9m est\u00e3o envolvidos. A mobiliza\u00e7\u00e3o envolve cidades da regi\u00e3o e ato acontece no centro da cidade. A partir das 8h da manh\u00e3, a concentra\u00e7\u00e3o ser\u00e1 na pra\u00e7a Cora\u00e7\u00e3o de Jesus, panfletagem em todo o com\u00e9rcio Cajazeirense, com carro de som. Todos de Preto. Finalizar com uma quadrilha junina em defesa da Aposentadoria. Durante \u00e0 tarde, a partir das 17h, ter\u00e1 um Sarau Pelo Direito de Se Aposentar, na Pra\u00e7a do Leblon. Apresenta\u00e7\u00f5es Culturais, m\u00fasica, dan\u00e7a, poesia, teatro, intercalado com falas de esclarecimento sobre o projeto de Capitaliza\u00e7\u00e3o da Previd\u00eancia Social e a privatiza\u00e7\u00e3o da aposentadoria.<\/p>\n\n\n\n<p><strong>Guarabira<\/strong>&nbsp;\u2013 14h: Concentra\u00e7\u00e3o em Kiberg \u2013 Pra\u00e7a Lima e Moura \u2013 Centro de Guarabira; 16h \u2013 Marcha pelas ruas comerciais do centro de Guarabira; 17h: Encerramento das a\u00e7\u00f5es no Caf\u00e9 com Poeira.<\/p>\n\n\n\n<p><strong>Rio Tinto<\/strong>: Passeata pela cidade. Concentra\u00e7\u00e3o \u00e0s 6h no Campus IV da UFPB, \u00e0s 8h sai a passeata; \u00e0s 10h, apresenta\u00e7\u00e3o de trabalhos cient\u00edficos na pra\u00e7a Jo\u00e3o Pessoa; meio-dia ocorrer\u00e3o atividades culturais;<\/p>\n\n\n\n<p><strong>Sousa:&nbsp;<\/strong>Concentra\u00e7\u00e3o as 7h na Igreja Sant\u2019ana. Com a pergunta geradora: voc\u00ea trabalhador(a) quer receber o PIS PASEP, sabe que pode ficar sem?<\/p>\n\n\n\n<p><strong>Sap\u00e9:<\/strong>&nbsp;Em Sap\u00e9 vai ter ato na greve geral. Com uma caminhada. Quatro atra\u00e7\u00f5es culturais. Participar\u00e3o Sap\u00e9, sobrado, Riach\u00e3o do Po\u00e7o e Mari.<\/p>\n\n\n\n<p><strong>Pedras de Fogo:<\/strong>&nbsp;\u00c0s 9h, SINTRAMS\/PB \u2013 SINDICATO DOS TRABALHADORES MUNICIPAIS DO AGRESTE E MATA SUL DA PARAIBA e SINFUPI\/PE \u2013 SINDICATO DOS SERVIDORES PUBLICOS MUNICIPAIS DE ITAMB\u00c9 \u2013 Itamb\u00e9 e Pedras de Fogo \u2013 v\u00e3o fazer ato p\u00fablico contra a reforma da previd\u00eancia e os cortes na educa\u00e7\u00e3o, em frente a Igreja Matriz de Pedras de Fogo.<\/p>\n\n\n\n<p><strong>Patos:<\/strong>&nbsp;Concentra\u00e7\u00e3o na Pra\u00e7a Edivaldo Mota as 8h da manh\u00e3. Ato cultural. Depois caminhada. Categorias mobilizadas: Servidores p\u00fablicos municipais param 100%; Universidade; IFPB; MST.<\/p>\n\n\n\n<p>Atos ainda acontecem em Santa Rita, Campina Grande e em mais 40 cidades da Para\u00edba. As informa\u00e7\u00f5es s\u00e3o do Brasil de Fato.<\/p>\n","protected":false},"excerpt":{"rendered":"<p>\u201cA sociedade n\u00e3o aguenta mais. O n\u00famero de desempregados e de desalentados, quando somados aos subempregados, bate os 28 milh\u00f5es fora do mercado de trabalho&hellip; <\/p>\n","protected":false},"author":1,"featured_media":99740,"comment_status":"closed","ping_status":"closed","sticky":false,"template":"","format":"standard","meta":{"sfsi_plus_gutenberg_text_before_share":"","sfsi_plus_gutenberg_show_text_before_share":"","sfsi_plus_gutenberg_icon_type":"","sfsi_plus_gutenberg_icon_alignemt":"","sfsi_plus_gutenburg_max_per_row":"","footnotes":""},"categories":[2],"tags":[],"class_list":["post-99739","post","type-post","status-publish","format-standard","has-post-thumbnail","hentry","category-geral"],"_links":{"self":[{"href":"https:\/\/www.caririemacao.com\/1\/wp-json\/wp\/v2\/posts\/99739","targetHints":{"allow":["GET"]}}],"collection":[{"href":"https:\/\/www.caririemacao.com\/1\/wp-json\/wp\/v2\/posts"}],"about":[{"href":"https:\/\/www.caririemacao.com\/1\/wp-json\/wp\/v2\/types\/post"}],"author":[{"embeddable":true,"href":"https:\/\/www.caririemacao.com\/1\/wp-json\/wp\/v2\/users\/1"}],"replies":[{"embeddable":true,"href":"https:\/\/www.caririemacao.com\/1\/wp-json\/wp\/v2\/comments?post=99739"}],"version-history":[{"count":1,"href":"https:\/\/www.caririemacao.com\/1\/wp-json\/wp\/v2\/posts\/99739\/revisions"}],"predecessor-version":[{"id":99741,"href":"https:\/\/www.caririemacao.com\/1\/wp-json\/wp\/v2\/posts\/99739\/revisions\/99741"}],"wp:featuredmedia":[{"embeddable":true,"href":"https:\/\/www.caririemacao.com\/1\/wp-json\/wp\/v2\/media\/99740"}],"wp:attachment":[{"href":"https:\/\/www.caririemacao.com\/1\/wp-json\/wp\/v2\/media?parent=99739"}],"wp:term":[{"taxonomy":"category","embeddable":true,"href":"https:\/\/www.caririemacao.com\/1\/wp-json\/wp\/v2\/categories?post=99739"},{"taxonomy":"post_tag","embeddable":true,"href":"https:\/\/www.caririemacao.com\/1\/wp-json\/wp\/v2\/tags?post=99739"}],"curies":[{"name":"wp","href":"https:\/\/api.w.org\/{rel}","templated":true}]}}