{"id":99762,"date":"2019-06-13T10:58:15","date_gmt":"2019-06-13T13:58:15","guid":{"rendered":"http:\/\/www.caririemacao.com\/1\/?p=99762"},"modified":"2019-06-13T10:58:15","modified_gmt":"2019-06-13T13:58:15","slug":"em-ouro-velho-sao-joao-de-junho-comeca-hoje-com-show-de-mano-walter","status":"publish","type":"post","link":"https:\/\/www.caririemacao.com\/1\/2019\/06\/13\/em-ouro-velho-sao-joao-de-junho-comeca-hoje-com-show-de-mano-walter\/","title":{"rendered":"EM OURO VELHO: S\u00e3o Jo\u00e3o de Junho come\u00e7a hoje com show de Mano Walter"},"content":{"rendered":"\n<p>Come\u00e7a nesta quinta-feira, (13), o S\u00e3o Jo\u00e3o de Junho 2019 na cidade de Ouro Velho. A festa \u00e9 realizada pela Prefeitura Municipal de Ouro Velho e ocorre nos dias 13, 14 e 15.<\/p>\n\n\n\n<p>O evento acontece em Pra\u00e7a P\u00fablica, de forma gratuita para toda popula\u00e7\u00e3o, e esse ano, promete ser um dos maiores j\u00e1 realizado pela gest\u00e3o da Prefeita Nat\u00e1lia de Dr. J\u00fanior.<\/p>\n\n\n\n<p>Confira as atra\u00e7\u00f5es:<\/p>\n\n\n\n<p>Dia 13- Mano Walter, Pedro Ernesto e Jackson Monteiro<\/p>\n\n\n\n<p>Dia 14- K\u00e1tia Cilene e Pedrinho Pega\u00e7\u00e3o<\/p>\n\n\n\n<p>Dia 15- Amigos Sertanejos e Forr\u00f3 Mel Com Terra<\/p>\n","protected":false},"excerpt":{"rendered":"<p>Come\u00e7a nesta quinta-feira, (13), o S\u00e3o Jo\u00e3o de Junho 2019 na cidade de Ouro Velho. A festa \u00e9 realizada pela Prefeitura Municipal de Ouro Velho&hellip; <\/p>\n","protected":false},"author":2,"featured_media":29316,"comment_status":"closed","ping_status":"closed","sticky":false,"template":"","format":"standard","meta":{"sfsi_plus_gutenberg_text_before_share":"","sfsi_plus_gutenberg_show_text_before_share":"","sfsi_plus_gutenberg_icon_type":"","sfsi_plus_gutenberg_icon_alignemt":"","sfsi_plus_gutenburg_max_per_row":"","footnotes":""},"categories":[6,50],"tags":[],"class_list":["post-99762","post","type-post","status-publish","format-standard","has-post-thumbnail","hentry","category-cidades","category-destaque"],"_links":{"self":[{"href":"https:\/\/www.caririemacao.com\/1\/wp-json\/wp\/v2\/posts\/99762","targetHints":{"allow":["GET"]}}],"collection":[{"href":"https:\/\/www.caririemacao.com\/1\/wp-json\/wp\/v2\/posts"}],"about":[{"href":"https:\/\/www.caririemacao.com\/1\/wp-json\/wp\/v2\/types\/post"}],"author":[{"embeddable":true,"href":"https:\/\/www.caririemacao.com\/1\/wp-json\/wp\/v2\/users\/2"}],"replies":[{"embeddable":true,"href":"https:\/\/www.caririemacao.com\/1\/wp-json\/wp\/v2\/comments?post=99762"}],"version-history":[{"count":1,"href":"https:\/\/www.caririemacao.com\/1\/wp-json\/wp\/v2\/posts\/99762\/revisions"}],"predecessor-version":[{"id":99764,"href":"https:\/\/www.caririemacao.com\/1\/wp-json\/wp\/v2\/posts\/99762\/revisions\/99764"}],"wp:featuredmedia":[{"embeddable":true,"href":"https:\/\/www.caririemacao.com\/1\/wp-json\/wp\/v2\/media\/29316"}],"wp:attachment":[{"href":"https:\/\/www.caririemacao.com\/1\/wp-json\/wp\/v2\/media?parent=99762"}],"wp:term":[{"taxonomy":"category","embeddable":true,"href":"https:\/\/www.caririemacao.com\/1\/wp-json\/wp\/v2\/categories?post=99762"},{"taxonomy":"post_tag","embeddable":true,"href":"https:\/\/www.caririemacao.com\/1\/wp-json\/wp\/v2\/tags?post=99762"}],"curies":[{"name":"wp","href":"https:\/\/api.w.org\/{rel}","templated":true}]}}