{"id":99765,"date":"2019-06-13T11:09:28","date_gmt":"2019-06-13T14:09:28","guid":{"rendered":"http:\/\/www.caririemacao.com\/1\/?p=99765"},"modified":"2019-06-13T11:09:28","modified_gmt":"2019-06-13T14:09:28","slug":"prefeita-anna-lorena-entrega-academia-de-saude-nesta-quinta-feira-em-monteiro","status":"publish","type":"post","link":"https:\/\/www.caririemacao.com\/1\/2019\/06\/13\/prefeita-anna-lorena-entrega-academia-de-saude-nesta-quinta-feira-em-monteiro\/","title":{"rendered":"Prefeita Anna Lorena entrega Academia de Sa\u00fade nesta quinta-feira, em Monteiro"},"content":{"rendered":"\n<p>A Prefeita Anna Lorena inaugura nesta quinta-feira, 13, uma nova academia de sa\u00fade no Bairro Mutir\u00e3o, na cidade de Monteiro. O evento est\u00e1 marcado para as 17h, ao lado da Escola Municipal Adalice Rem\u00edgio Gomes.<div><br>Anna Lorena destacou que a Prefeitura de Monteiro tem buscado sempre investir na valoriza\u00e7\u00e3o da cidade atrav\u00e9s da infraestrutura dos bairros bem como na sa\u00fade da popula\u00e7\u00e3o, e aproveitou para convidar a popula\u00e7\u00e3o para participar da inaugura\u00e7\u00e3o.<\/div><\/p>\n\n\n\n<p><div><br>Servi\u00e7oInaugura\u00e7\u00e3o da Academia de Sa\u00fade do Mutir\u00e3oLocal: Ao lado da Escola Adalice Rem\u00edgio GomesHor\u00e1rio: 17h<\/div><\/p>\n\n\n\n<p><\/p>\n\n\n\n<p>Cariri ligado<\/p>\n","protected":false},"excerpt":{"rendered":"<p>A Prefeita Anna Lorena inaugura nesta quinta-feira, 13, uma nova academia de sa\u00fade no Bairro Mutir\u00e3o, na cidade de Monteiro. O evento est\u00e1 marcado para&hellip; <\/p>\n","protected":false},"author":2,"featured_media":16812,"comment_status":"closed","ping_status":"closed","sticky":false,"template":"","format":"standard","meta":{"sfsi_plus_gutenberg_text_before_share":"","sfsi_plus_gutenberg_show_text_before_share":"","sfsi_plus_gutenberg_icon_type":"","sfsi_plus_gutenberg_icon_alignemt":"","sfsi_plus_gutenburg_max_per_row":"","footnotes":""},"categories":[6],"tags":[],"class_list":["post-99765","post","type-post","status-publish","format-standard","has-post-thumbnail","hentry","category-cidades"],"_links":{"self":[{"href":"https:\/\/www.caririemacao.com\/1\/wp-json\/wp\/v2\/posts\/99765","targetHints":{"allow":["GET"]}}],"collection":[{"href":"https:\/\/www.caririemacao.com\/1\/wp-json\/wp\/v2\/posts"}],"about":[{"href":"https:\/\/www.caririemacao.com\/1\/wp-json\/wp\/v2\/types\/post"}],"author":[{"embeddable":true,"href":"https:\/\/www.caririemacao.com\/1\/wp-json\/wp\/v2\/users\/2"}],"replies":[{"embeddable":true,"href":"https:\/\/www.caririemacao.com\/1\/wp-json\/wp\/v2\/comments?post=99765"}],"version-history":[{"count":1,"href":"https:\/\/www.caririemacao.com\/1\/wp-json\/wp\/v2\/posts\/99765\/revisions"}],"predecessor-version":[{"id":99766,"href":"https:\/\/www.caririemacao.com\/1\/wp-json\/wp\/v2\/posts\/99765\/revisions\/99766"}],"wp:featuredmedia":[{"embeddable":true,"href":"https:\/\/www.caririemacao.com\/1\/wp-json\/wp\/v2\/media\/16812"}],"wp:attachment":[{"href":"https:\/\/www.caririemacao.com\/1\/wp-json\/wp\/v2\/media?parent=99765"}],"wp:term":[{"taxonomy":"category","embeddable":true,"href":"https:\/\/www.caririemacao.com\/1\/wp-json\/wp\/v2\/categories?post=99765"},{"taxonomy":"post_tag","embeddable":true,"href":"https:\/\/www.caririemacao.com\/1\/wp-json\/wp\/v2\/tags?post=99765"}],"curies":[{"name":"wp","href":"https:\/\/api.w.org\/{rel}","templated":true}]}}