{"id":99776,"date":"2019-06-13T13:11:59","date_gmt":"2019-06-13T16:11:59","guid":{"rendered":"http:\/\/www.caririemacao.com\/1\/?p=99776"},"modified":"2019-06-13T13:11:59","modified_gmt":"2019-06-13T16:11:59","slug":"secretaria-de-saude-de-ouro-velho-realiza-entrega-de-fraldas-geriatricas","status":"publish","type":"post","link":"https:\/\/www.caririemacao.com\/1\/2019\/06\/13\/secretaria-de-saude-de-ouro-velho-realiza-entrega-de-fraldas-geriatricas\/","title":{"rendered":"Secretaria de Sa\u00fade de Ouro Velho realiza entrega de Fraldas Geri\u00e1tricas"},"content":{"rendered":"\n<p>A secretaria de Sa\u00fade (SMS) de Ouro Velho promoveu mais uma entrega de fraldas descart\u00e1veis geri\u00e1tricas nesta quarta-feira, dia 12, a a\u00e7\u00e3o acontece no pr\u00e9dio da secretaria e \u00e9 destinada a pessoas acamados e com necessidades especiais.<\/p>\n\n\n\n<figure class=\"wp-block-image\"><img fetchpriority=\"high\" decoding=\"async\" width=\"1024\" height=\"768\" src=\"http:\/\/www.caririemacao.com\/1\/wp-content\/uploads\/2019\/06\/WhatsApp-Image-2019-06-12-at-16.46.03-1-1024x768.jpeg\" alt=\"\" class=\"wp-image-99780\" srcset=\"https:\/\/www.caririemacao.com\/1\/wp-content\/uploads\/2019\/06\/WhatsApp-Image-2019-06-12-at-16.46.03-1.jpeg 1024w, https:\/\/www.caririemacao.com\/1\/wp-content\/uploads\/2019\/06\/WhatsApp-Image-2019-06-12-at-16.46.03-1-300x225.jpeg 300w, https:\/\/www.caririemacao.com\/1\/wp-content\/uploads\/2019\/06\/WhatsApp-Image-2019-06-12-at-16.46.03-1-768x576.jpeg 768w\" sizes=\"(max-width: 1024px) 100vw, 1024px\" \/><\/figure>\n\n\n\n<p>A entrega \u00e9 feita com frequ\u00eancia e sempre que a entrega acontece \u00e9 realizada uma palestra com um profissional de sa\u00fade, trazendo informa\u00e7\u00f5es aos cuidadores dos acamados. A palestra deste m\u00eas ficou por conta da enfermeira Maria Aline.<\/p>\n\n\n\n<p>\u201cEste trabalho traz um enorme benef\u00edcio para quem precisa, pois melhora a qualidade de vida do paciente acamado e a prefeitura atrav\u00e9s da Secretaria de Sa\u00fade n\u00e3o mede esfor\u00e7os para n\u00e3o deixar as pessoas que precisam do benef\u00edcio desassistidas\u201d, comentou a secret\u00e1ria Liudmila.<\/p>\n\n\n\n<figure class=\"wp-block-image\"><img decoding=\"async\" width=\"1024\" height=\"768\" data-src=\"http:\/\/www.caririemacao.com\/1\/wp-content\/uploads\/2019\/06\/WhatsApp-Image-2019-06-12-at-16.46.01-1-1024x768.jpeg\" alt=\"\" class=\"wp-image-99778 lazyload\" data-srcset=\"https:\/\/www.caririemacao.com\/1\/wp-content\/uploads\/2019\/06\/WhatsApp-Image-2019-06-12-at-16.46.01-1.jpeg 1024w, https:\/\/www.caririemacao.com\/1\/wp-content\/uploads\/2019\/06\/WhatsApp-Image-2019-06-12-at-16.46.01-1-300x225.jpeg 300w, https:\/\/www.caririemacao.com\/1\/wp-content\/uploads\/2019\/06\/WhatsApp-Image-2019-06-12-at-16.46.01-1-768x576.jpeg 768w\" data-sizes=\"(max-width: 1024px) 100vw, 1024px\" src=\"data:image\/svg+xml;base64,PHN2ZyB3aWR0aD0iMSIgaGVpZ2h0PSIxIiB4bWxucz0iaHR0cDovL3d3dy53My5vcmcvMjAwMC9zdmciPjwvc3ZnPg==\" style=\"--smush-placeholder-width: 1024px; --smush-placeholder-aspect-ratio: 1024\/768;\" \/><\/figure>\n\n\n\n<figure class=\"wp-block-image\"><img decoding=\"async\" width=\"1024\" height=\"768\" data-src=\"http:\/\/www.caririemacao.com\/1\/wp-content\/uploads\/2019\/06\/WhatsApp-Image-2019-06-12-at-16.46.03-1024x768.jpeg\" alt=\"\" class=\"wp-image-99781 lazyload\" data-srcset=\"https:\/\/www.caririemacao.com\/1\/wp-content\/uploads\/2019\/06\/WhatsApp-Image-2019-06-12-at-16.46.03.jpeg 1024w, https:\/\/www.caririemacao.com\/1\/wp-content\/uploads\/2019\/06\/WhatsApp-Image-2019-06-12-at-16.46.03-300x225.jpeg 300w, https:\/\/www.caririemacao.com\/1\/wp-content\/uploads\/2019\/06\/WhatsApp-Image-2019-06-12-at-16.46.03-768x576.jpeg 768w\" data-sizes=\"(max-width: 1024px) 100vw, 1024px\" src=\"data:image\/svg+xml;base64,PHN2ZyB3aWR0aD0iMSIgaGVpZ2h0PSIxIiB4bWxucz0iaHR0cDovL3d3dy53My5vcmcvMjAwMC9zdmciPjwvc3ZnPg==\" style=\"--smush-placeholder-width: 1024px; --smush-placeholder-aspect-ratio: 1024\/768;\" \/><\/figure>\n\n\n\n<figure class=\"wp-block-image\"><img decoding=\"async\" width=\"1024\" height=\"768\" data-src=\"http:\/\/www.caririemacao.com\/1\/wp-content\/uploads\/2019\/06\/WhatsApp-Image-2019-06-12-at-16.46.01-1024x768.jpeg\" alt=\"\" class=\"wp-image-99779 lazyload\" data-srcset=\"https:\/\/www.caririemacao.com\/1\/wp-content\/uploads\/2019\/06\/WhatsApp-Image-2019-06-12-at-16.46.01.jpeg 1024w, https:\/\/www.caririemacao.com\/1\/wp-content\/uploads\/2019\/06\/WhatsApp-Image-2019-06-12-at-16.46.01-300x225.jpeg 300w, https:\/\/www.caririemacao.com\/1\/wp-content\/uploads\/2019\/06\/WhatsApp-Image-2019-06-12-at-16.46.01-768x576.jpeg 768w\" data-sizes=\"(max-width: 1024px) 100vw, 1024px\" src=\"data:image\/svg+xml;base64,PHN2ZyB3aWR0aD0iMSIgaGVpZ2h0PSIxIiB4bWxucz0iaHR0cDovL3d3dy53My5vcmcvMjAwMC9zdmciPjwvc3ZnPg==\" style=\"--smush-placeholder-width: 1024px; --smush-placeholder-aspect-ratio: 1024\/768;\" \/><\/figure>\n","protected":false},"excerpt":{"rendered":"<p>A secretaria de Sa\u00fade (SMS) de Ouro Velho promoveu mais uma entrega de fraldas descart\u00e1veis geri\u00e1tricas nesta quarta-feira, dia 12, a a\u00e7\u00e3o acontece no pr\u00e9dio&hellip; <\/p>\n","protected":false},"author":2,"featured_media":99777,"comment_status":"closed","ping_status":"closed","sticky":false,"template":"","format":"standard","meta":{"sfsi_plus_gutenberg_text_before_share":"","sfsi_plus_gutenberg_show_text_before_share":"","sfsi_plus_gutenberg_icon_type":"","sfsi_plus_gutenberg_icon_alignemt":"","sfsi_plus_gutenburg_max_per_row":"","footnotes":""},"categories":[50,16],"tags":[],"class_list":["post-99776","post","type-post","status-publish","format-standard","has-post-thumbnail","hentry","category-destaque","category-saude"],"_links":{"self":[{"href":"https:\/\/www.caririemacao.com\/1\/wp-json\/wp\/v2\/posts\/99776","targetHints":{"allow":["GET"]}}],"collection":[{"href":"https:\/\/www.caririemacao.com\/1\/wp-json\/wp\/v2\/posts"}],"about":[{"href":"https:\/\/www.caririemacao.com\/1\/wp-json\/wp\/v2\/types\/post"}],"author":[{"embeddable":true,"href":"https:\/\/www.caririemacao.com\/1\/wp-json\/wp\/v2\/users\/2"}],"replies":[{"embeddable":true,"href":"https:\/\/www.caririemacao.com\/1\/wp-json\/wp\/v2\/comments?post=99776"}],"version-history":[{"count":1,"href":"https:\/\/www.caririemacao.com\/1\/wp-json\/wp\/v2\/posts\/99776\/revisions"}],"predecessor-version":[{"id":99782,"href":"https:\/\/www.caririemacao.com\/1\/wp-json\/wp\/v2\/posts\/99776\/revisions\/99782"}],"wp:featuredmedia":[{"embeddable":true,"href":"https:\/\/www.caririemacao.com\/1\/wp-json\/wp\/v2\/media\/99777"}],"wp:attachment":[{"href":"https:\/\/www.caririemacao.com\/1\/wp-json\/wp\/v2\/media?parent=99776"}],"wp:term":[{"taxonomy":"category","embeddable":true,"href":"https:\/\/www.caririemacao.com\/1\/wp-json\/wp\/v2\/categories?post=99776"},{"taxonomy":"post_tag","embeddable":true,"href":"https:\/\/www.caririemacao.com\/1\/wp-json\/wp\/v2\/tags?post=99776"}],"curies":[{"name":"wp","href":"https:\/\/api.w.org\/{rel}","templated":true}]}}